{"id":916,"date":"2023-08-26T21:07:24","date_gmt":"2023-08-26T19:07:24","guid":{"rendered":"https:\/\/www.zsohrobec.cz\/nove\/?p=916"},"modified":"2023-09-20T17:58:37","modified_gmt":"2023-09-20T15:58:37","slug":"prvni-tyden-ve-skole","status":"publish","type":"post","link":"https:\/\/www.zsohrobec.cz\/nove\/prvni-tyden-ve-skole\/","title":{"rendered":"Zah\u00e1jen\u00ed \u0161koln\u00edho roku 2023\/2024 v Z\u0160"},"content":{"rendered":"\n<p><strong>Informace k zah\u00e1jen\u00ed \u0161koln\u00edho roku 2023\/2024.<\/strong><\/p>\n\n\n\n<p><strong>Vyu\u010dov\u00e1n\u00ed v Z\u0160<\/strong><\/p>\n\n\n\n<p><strong>pond\u011bl\u00ed 4. 9. 2023<\/strong><\/p>\n\n\n\n<ul class=\"wp-block-list\">\n<li>slavnostn\u00ed zah\u00e1jen\u00ed \u0161koln\u00edho roku v 8:00 p\u0159ed budovou \u0161koly &#8211; vyu\u010dov\u00e1n\u00ed v\u0161ech t\u0159\u00edd kon\u010d\u00ed v 8:45<\/li>\n\n\n\n<li>t\u0159\u00eddn\u00ed sch\u016fzky pro 1. ro\u010dn\u00edk (od 8:45)<\/li>\n<\/ul>\n\n\n\n<p><strong>\u00fater\u00fd 5. 9. 2023<\/strong> (t\u0159\u00eddnick\u00e9 hodiny)<\/p>\n\n\n\n<ul class=\"wp-block-list\">\n<li>1. ro\u010dn\u00edk kon\u010d\u00ed v 9:40<\/li>\n\n\n\n<li>2. \u2013 7. ro\u010dn\u00edk kon\u010d\u00ed v&nbsp;11:40<\/li>\n\n\n\n<li><strong>t\u0159\u00eddn\u00ed sch\u016fzky<\/strong> pro 2. \u2013 5. ro\u010dn\u00edk od 16:30<\/li>\n\n\n\n<li><strong>t\u0159\u00eddn\u00ed sch\u016fzky<\/strong> pro 6. + 7. ro\u010dn\u00edk od 17:00<\/li>\n<\/ul>\n\n\n\n<p><strong>st\u0159eda 6. 9. 2023<\/strong><\/p>\n\n\n\n<ul class=\"wp-block-list\">\n<li>1. ro\u010dn\u00edk kon\u010d\u00ed v 10:45<\/li>\n\n\n\n<li>ostatn\u00ed ro\u010dn\u00edky dle rozvrhu<\/li>\n<\/ul>\n\n\n\n<p><strong>\u010dtvrtek 7. 9. 2023<\/strong><\/p>\n\n\n\n<ul class=\"wp-block-list\">\n<li>od tohoto dne v\u0161echny ro\u010dn\u00edky dle rozvrhu<\/li>\n<\/ul>\n\n\n\n<p><strong>\u0160koln\u00ed dru\u017eina<\/strong><\/p>\n\n\n\n<p><strong>pond\u011bl\u00ed 4. 9. 2023<\/strong><\/p>\n\n\n\n<ul class=\"wp-block-list\">\n<li>rann\u00ed dru\u017eina nen\u00ed<\/li>\n\n\n\n<li>po skon\u010den\u00ed 1. vyu\u010dovac\u00ed hodiny <strong>od 8:45 do 17:00 <\/strong>(1. -3. ro\u010dn\u00edk)<\/li>\n<\/ul>\n\n\n\n<p><strong>\u00fater\u00fd 5. 9. 2023<\/strong><\/p>\n\n\n\n<ul class=\"wp-block-list\">\n<li>od tohoto dne je provoz bez omezen\u00ed<\/li>\n\n\n\n<li>rann\u00ed \u0160D 7:00 \u2013 7:40, odpoledn\u00ed do 17:00 (p\u00e1tek 16:00)<\/li>\n<\/ul>\n\n\n\n<p><strong>\u0160koln\u00ed j\u00eddelna<\/strong><\/p>\n\n\n\n<p>b\u011bhem letn\u00edch pr\u00e1zdnin do\u0161lo ke zm\u011bn\u011b softwaru ve \u0160koln\u00ed j\u00eddeln\u011b Doln\u00ed B\u0159e\u017eany (\u0160JDB), kter\u00e1 zaji\u0161\u0165uje stravov\u00e1n\u00ed na\u0161ich d\u011bt\u00ed a \u017e\u00e1k\u016f. V&nbsp;p\u00e1tek 25. 8. \u0160JDB rozes\u00edlala emaily s&nbsp;n\u00e1vodem, jak postupovat p\u0159i nov\u00e9 registraci a objedn\u00e1v\u00e1n\u00ed ob\u011bd\u016f v\u010detn\u011b informace o platb\u00e1ch. Emaily byly odesl\u00e1ny v\u017edy jednomu ze z\u00e1konn\u00fdch z\u00e1stupc\u016f. Variabiln\u00ed symboly d\u011bt\u00ed a \u010d\u00edslo \u00fa\u010dtu \u0160JDB z\u016fstaly stejn\u00e9!<\/p>\n\n\n\n<p>Pokud jste zmi\u0148ovan\u00e9 informace nedostali, kontaktujte pros\u00edm vedouc\u00ed \u0160JDB pan\u00ed Renatu Krahul\u00edkovou.<\/p>\n\n\n\n<p>Kontakty: Renata Krahul\u00edkov\u00e1: tel. 220 990&nbsp;819, e-mail <a href=\"mailto:krahulikovar@skolabrezany.cz\">krahulikovar@skolabrezany.cz<\/a> .<\/p>\n\n\n\n<p>Pro rodi\u010de \u017e\u00e1k\u016f, kte\u0159\u00ed m\u011bli \u201ep\u0159edplacen\u00e9\u201c stravn\u00e9:<\/p>\n\n\n\n<ul class=\"wp-block-list\">\n<li>pokud n\u011bkomu na \u017e\u00e1kovsk\u00e9m \u00fa\u010dtu ve \u0160koln\u00ed j\u00eddeln\u011b Doln\u00ed B\u0159e\u017eany z\u016fstaly nevyu\u017eit\u00e9 finan\u010dn\u00ed prost\u0159edky, budou p\u0159evedeny na leto\u0161n\u00ed \u0161koln\u00ed rok.<\/li>\n<\/ul>\n\n\n\n<p><\/p>\n","protected":false},"excerpt":{"rendered":"<p>Informace k zah\u00e1jen\u00ed \u0161koln\u00edho roku 2023\/2024. Vyu\u010dov\u00e1n\u00ed v Z\u0160 pond\u011bl\u00ed 4. 9. 2023 \u00fater\u00fd 5. 9. 2023 (t\u0159\u00eddnick\u00e9 hodiny) st\u0159eda&nbsp;<a href=\"https:\/\/www.zsohrobec.cz\/nove\/prvni-tyden-ve-skole\/\">&hellip;<\/a><\/p>\n","protected":false},"author":2,"featured_media":1215,"comment_status":"closed","ping_status":"closed","sticky":false,"template":"","format":"standard","meta":{"ngg_post_thumbnail":0,"footnotes":""},"categories":[1],"tags":[],"class_list":["post-916","post","type-post","status-publish","format-standard","has-post-thumbnail","hentry","category-nezarazene","odd"],"_links":{"self":[{"href":"https:\/\/www.zsohrobec.cz\/nove\/wp-json\/wp\/v2\/posts\/916","targetHints":{"allow":["GET"]}}],"collection":[{"href":"https:\/\/www.zsohrobec.cz\/nove\/wp-json\/wp\/v2\/posts"}],"about":[{"href":"https:\/\/www.zsohrobec.cz\/nove\/wp-json\/wp\/v2\/types\/post"}],"author":[{"embeddable":true,"href":"https:\/\/www.zsohrobec.cz\/nove\/wp-json\/wp\/v2\/users\/2"}],"replies":[{"embeddable":true,"href":"https:\/\/www.zsohrobec.cz\/nove\/wp-json\/wp\/v2\/comments?post=916"}],"version-history":[{"count":3,"href":"https:\/\/www.zsohrobec.cz\/nove\/wp-json\/wp\/v2\/posts\/916\/revisions"}],"predecessor-version":[{"id":1010,"href":"https:\/\/www.zsohrobec.cz\/nove\/wp-json\/wp\/v2\/posts\/916\/revisions\/1010"}],"wp:featuredmedia":[{"embeddable":true,"href":"https:\/\/www.zsohrobec.cz\/nove\/wp-json\/wp\/v2\/media\/1215"}],"wp:attachment":[{"href":"https:\/\/www.zsohrobec.cz\/nove\/wp-json\/wp\/v2\/media?parent=916"}],"wp:term":[{"taxonomy":"category","embeddable":true,"href":"https:\/\/www.zsohrobec.cz\/nove\/wp-json\/wp\/v2\/categories?post=916"},{"taxonomy":"post_tag","embeddable":true,"href":"https:\/\/www.zsohrobec.cz\/nove\/wp-json\/wp\/v2\/tags?post=916"}],"curies":[{"name":"wp","href":"https:\/\/api.w.org\/{rel}","templated":true}]}}