{"id":8962,"date":"2026-04-22T19:18:57","date_gmt":"2026-04-22T17:18:57","guid":{"rendered":"https:\/\/www.zsohrobec.cz\/nove\/?p=8962"},"modified":"2026-04-22T19:22:17","modified_gmt":"2026-04-22T17:22:17","slug":"uklid-ohrobce","status":"publish","type":"post","link":"https:\/\/www.zsohrobec.cz\/nove\/uklid-ohrobce\/","title":{"rendered":"\u00daklid Ohrobce"},"content":{"rendered":"\n<p>V \u00fater\u00fd 22. dubna se na\u0161e \u0161kola zapojila do celorepublikov\u00e9 iniciativy Ukli\u010fme \u010cesko a uspo\u0159\u00e1dala vlastn\u00ed akci s n\u00e1zvem <em>Ukli\u010fme Ohrobec<\/em>. Do \u00faklidu se s nad\u0161en\u00edm zapojily v\u0161echny t\u0159\u00eddy, kter\u00e9 si mezi sebou rozd\u011blily jednotliv\u00e9 \u010d\u00e1sti Ohrobce a K\u00e1rova.<\/p>\n\n\n\n<p>D\u011bti byly vybaveny rukavicemi a pytli na odpad a s velk\u00fdm nasazen\u00edm se pustily do pr\u00e1ce. B\u011bhem dopoledne se poda\u0159ilo nasb\u00edrat velk\u00e9 mno\u017estv\u00ed odpadk\u016f, kter\u00e9 do p\u0159\u00edrody rozhodn\u011b nepat\u0159\u00ed. Mezi nej\u010dast\u011bj\u0161\u00ed n\u00e1lezy pat\u0159ily plastov\u00e9 i sklen\u011bn\u00e9 lahve, plechovky a star\u00e9 oble\u010den\u00ed.<br>Nechyb\u011bly ale ani opravdu zaj\u00edmav\u00e9 objevy. D\u011bti narazily nap\u0159\u00edklad na kovov\u00e9 d\u00edly star\u00e9ho stroje, odhozen\u00e9 k\u0159eslo nebo \u010dernou skl\u00e1dku.<\/p>\n\n\n\n<p>Cel\u00e1 akce prob\u011bhla ve velmi dobr\u00e9 atmosf\u00e9\u0159e a uk\u00e1zala, \u017ee i mal\u00fd krok ka\u017ed\u00e9ho z n\u00e1s m\u016f\u017ee p\u0159isp\u011bt k \u010dist\u011bj\u0161\u00edmu a hez\u010d\u00edmu okol\u00ed. V\u0161em \u017e\u00e1k\u016fm pat\u0159\u00ed velk\u00e9 pod\u011bkov\u00e1n\u00ed za jejich aktivn\u00ed p\u0159\u00edstup a ochotu pomoci p\u0159\u00edrod\u011b.<\/p>\n","protected":false},"excerpt":{"rendered":"<p>V \u00fater\u00fd 22. dubna se na\u0161e \u0161kola zapojila do celorepublikov\u00e9 iniciativy Ukli\u010fme \u010cesko a uspo\u0159\u00e1dala vlastn\u00ed akci s n\u00e1zvem Ukli\u010fme&nbsp;<a href=\"https:\/\/www.zsohrobec.cz\/nove\/uklid-ohrobce\/\">&hellip;<\/a><\/p>\n","protected":false},"author":2,"featured_media":8964,"comment_status":"closed","ping_status":"closed","sticky":false,"template":"","format":"standard","meta":{"ngg_post_thumbnail":0,"footnotes":""},"categories":[19],"tags":[],"class_list":["post-8962","post","type-post","status-publish","format-standard","has-post-thumbnail","hentry","category-zs","odd"],"_links":{"self":[{"href":"https:\/\/www.zsohrobec.cz\/nove\/wp-json\/wp\/v2\/posts\/8962","targetHints":{"allow":["GET"]}}],"collection":[{"href":"https:\/\/www.zsohrobec.cz\/nove\/wp-json\/wp\/v2\/posts"}],"about":[{"href":"https:\/\/www.zsohrobec.cz\/nove\/wp-json\/wp\/v2\/types\/post"}],"author":[{"embeddable":true,"href":"https:\/\/www.zsohrobec.cz\/nove\/wp-json\/wp\/v2\/users\/2"}],"replies":[{"embeddable":true,"href":"https:\/\/www.zsohrobec.cz\/nove\/wp-json\/wp\/v2\/comments?post=8962"}],"version-history":[{"count":2,"href":"https:\/\/www.zsohrobec.cz\/nove\/wp-json\/wp\/v2\/posts\/8962\/revisions"}],"predecessor-version":[{"id":8967,"href":"https:\/\/www.zsohrobec.cz\/nove\/wp-json\/wp\/v2\/posts\/8962\/revisions\/8967"}],"wp:featuredmedia":[{"embeddable":true,"href":"https:\/\/www.zsohrobec.cz\/nove\/wp-json\/wp\/v2\/media\/8964"}],"wp:attachment":[{"href":"https:\/\/www.zsohrobec.cz\/nove\/wp-json\/wp\/v2\/media?parent=8962"}],"wp:term":[{"taxonomy":"category","embeddable":true,"href":"https:\/\/www.zsohrobec.cz\/nove\/wp-json\/wp\/v2\/categories?post=8962"},{"taxonomy":"post_tag","embeddable":true,"href":"https:\/\/www.zsohrobec.cz\/nove\/wp-json\/wp\/v2\/tags?post=8962"}],"curies":[{"name":"wp","href":"https:\/\/api.w.org\/{rel}","templated":true}]}}