{"id":7993,"date":"2025-12-22T09:31:45","date_gmt":"2025-12-22T08:31:45","guid":{"rendered":"https:\/\/www.zsohrobec.cz\/nove\/?p=7993"},"modified":"2025-12-22T09:31:47","modified_gmt":"2025-12-22T08:31:47","slug":"vanocni-jarmark-a-besidka","status":"publish","type":"post","link":"https:\/\/www.zsohrobec.cz\/nove\/vanocni-jarmark-a-besidka\/","title":{"rendered":"V\u00e1no\u010dn\u00ed jarmark a bes\u00eddka"},"content":{"rendered":"\n<p>V na\u0161\u00ed \u0161kolce prob\u011bhla&nbsp;<strong>v\u00e1no\u010dn\u00ed bes\u00eddka spojen\u00e1 s v\u00e1no\u010dn\u00edm jarmarkem<\/strong>, kter\u00e1 se nesla ve velmi p\u0159\u00edjemn\u00e9 a slavnostn\u00ed atmosf\u00e9\u0159e. D\u00edky hojn\u00e9 \u00fa\u010dasti a podpo\u0159e n\u00e1v\u0161t\u011bvn\u00edk\u016f jsme spole\u010dn\u011b pro\u017eili kr\u00e1sn\u00e9 adventn\u00ed odpoledne pln\u00e9 v\u00e1no\u010dn\u00ed n\u00e1lady.<\/p>\n\n\n\n<p>Na p\u0159\u00edprav\u011b cel\u00e9 akce se s velk\u00fdm nasazen\u00edm pod\u00edlely d\u011bti i pan\u00ed u\u010ditelky, kter\u00e9 spole\u010dn\u011b s l\u00e1skou a trp\u011blivost\u00ed vyr\u00e1b\u011bly v\u00e1no\u010dn\u00ed v\u00fdrobky a p\u0159ipravily program bes\u00eddky. O kr\u00e1sn\u00fd hudebn\u00ed doprovod se postarala pan\u00ed Heinzlov\u00e1, kter\u00e9 pat\u0159\u00ed velk\u00e9 pod\u011bkov\u00e1n\u00ed.<\/p>\n\n\n\n<p>Celkem se na jarmarku vybralo&nbsp;<strong>17 128 K\u010d<\/strong>. D\u00edky t\u00e9to \u010d\u00e1stce budou moci d\u011bti absolvovat&nbsp;<strong>v\u00fdlet do z\u00e1bavn\u00e9ho parku Bylandia<\/strong>&nbsp;a z\u00e1rove\u0148 jim z\u016fstanou finan\u010dn\u00ed prost\u0159edky tak\u00e9 na drobn\u00e9 radosti, nap\u0159\u00edklad na zmrzlinu.<\/p>\n\n\n\n<p>Akce se velmi vyda\u0159ila a d\u011btem p\u0159inesla mnoho radosti i kr\u00e1sn\u00fdch z\u00e1\u017eitk\u016f. Velk\u00e9 d\u00edky pat\u0159\u00ed tak\u00e9 restauraci u Troj\u00e1nk\u016f.<\/p>\n","protected":false},"excerpt":{"rendered":"<p>V na\u0161\u00ed \u0161kolce prob\u011bhla&nbsp;v\u00e1no\u010dn\u00ed bes\u00eddka spojen\u00e1 s v\u00e1no\u010dn\u00edm jarmarkem, kter\u00e1 se nesla ve velmi p\u0159\u00edjemn\u00e9 a slavnostn\u00ed atmosf\u00e9\u0159e. D\u00edky hojn\u00e9&nbsp;<a href=\"https:\/\/www.zsohrobec.cz\/nove\/vanocni-jarmark-a-besidka\/\">&hellip;<\/a><\/p>\n","protected":false},"author":2,"featured_media":7994,"comment_status":"closed","ping_status":"closed","sticky":false,"template":"","format":"standard","meta":{"ngg_post_thumbnail":0,"footnotes":""},"categories":[20],"tags":[],"class_list":["post-7993","post","type-post","status-publish","format-standard","has-post-thumbnail","hentry","category-ms","odd"],"_links":{"self":[{"href":"https:\/\/www.zsohrobec.cz\/nove\/wp-json\/wp\/v2\/posts\/7993","targetHints":{"allow":["GET"]}}],"collection":[{"href":"https:\/\/www.zsohrobec.cz\/nove\/wp-json\/wp\/v2\/posts"}],"about":[{"href":"https:\/\/www.zsohrobec.cz\/nove\/wp-json\/wp\/v2\/types\/post"}],"author":[{"embeddable":true,"href":"https:\/\/www.zsohrobec.cz\/nove\/wp-json\/wp\/v2\/users\/2"}],"replies":[{"embeddable":true,"href":"https:\/\/www.zsohrobec.cz\/nove\/wp-json\/wp\/v2\/comments?post=7993"}],"version-history":[{"count":1,"href":"https:\/\/www.zsohrobec.cz\/nove\/wp-json\/wp\/v2\/posts\/7993\/revisions"}],"predecessor-version":[{"id":7995,"href":"https:\/\/www.zsohrobec.cz\/nove\/wp-json\/wp\/v2\/posts\/7993\/revisions\/7995"}],"wp:featuredmedia":[{"embeddable":true,"href":"https:\/\/www.zsohrobec.cz\/nove\/wp-json\/wp\/v2\/media\/7994"}],"wp:attachment":[{"href":"https:\/\/www.zsohrobec.cz\/nove\/wp-json\/wp\/v2\/media?parent=7993"}],"wp:term":[{"taxonomy":"category","embeddable":true,"href":"https:\/\/www.zsohrobec.cz\/nove\/wp-json\/wp\/v2\/categories?post=7993"},{"taxonomy":"post_tag","embeddable":true,"href":"https:\/\/www.zsohrobec.cz\/nove\/wp-json\/wp\/v2\/tags?post=7993"}],"curies":[{"name":"wp","href":"https:\/\/api.w.org\/{rel}","templated":true}]}}