{"id":7351,"date":"2025-11-05T14:21:38","date_gmt":"2025-11-05T13:21:38","guid":{"rendered":"https:\/\/www.zsohrobec.cz\/nove\/?p=7351"},"modified":"2025-11-05T14:21:39","modified_gmt":"2025-11-05T13:21:39","slug":"halloweenska-dopoledne-a-vecerni-samhain","status":"publish","type":"post","link":"https:\/\/www.zsohrobec.cz\/nove\/halloweenska-dopoledne-a-vecerni-samhain\/","title":{"rendered":"Halloweensk\u00e1 dopoledne a ve\u010dern\u00ed Samhain"},"content":{"rendered":"\n<p>Na za\u010d\u00e1tku listopadu se do na\u0161\u00ed \u0161kolou vloudila tajemn\u00e1 atmosf\u00e9ra podzimn\u00edch tradic. V\u00fduka v ni\u017e\u0161\u00edch t\u0159\u00edd\u00e1ch se nesla v duchu Halloweenu. D\u011bti p\u0159i\u0161ly v kr\u00e1sn\u00fdch i stra\u0161ideln\u00fdch kost\u00fdmech, plnily halloweensk\u00e9 \u00fakoly a spole\u010dn\u011b si pochutn\u00e1valy na dobrot\u00e1ch, kter\u00e9 p\u0159inesly z domova \u2013 a\u0165 u\u017e vlastnoru\u010dn\u011b nape\u010den\u00fdch, nebo koupen\u00fdch.<br>3. listopadu ve\u010der se pak velc\u00ed i mal\u00ed se\u0161li u \u0161koly, aby spole\u010dn\u011b oslavili sv\u00e1tek sv\u011btel \u2013 Samhain. Are\u00e1l p\u0159ed \u0161kolou se rozz\u00e1\u0159il sv\u00ed\u010dkami a venkovn\u00edm osv\u011btlen\u00edm, kter\u00e9 vytvo\u0159ilo kouzelnou atmosf\u00e9ru podzimn\u00edho ve\u010dera. Na ohni se pekly bu\u0159ty, dlabaly se d\u00fdn\u011b a pan \u0159editel op\u011bt pro v\u0161echny p\u0159\u00edtomn\u00e9 p\u0159ipravil v\u00fdbornou d\u00fd\u0148ovou pol\u00e9vku. Nechyb\u011bla ani tradi\u010dn\u00ed sout\u011b\u017e o nejpoveden\u011bj\u0161\u00ed d\u00fdni ve\u010dera.<\/p>\n\n\n\n<p>D\u011bkujeme v\u0161em, kte\u0159\u00ed se zapojili do p\u0159\u00edprav i \u00fa\u010dasti na obou akc\u00edch. Bylo to kr\u00e1sn\u00e9 propojen\u00ed \u0161koly, rodin i tradic \u2013 s v\u016fn\u00ed d\u00fdn\u00ed, sv\u011btlem sv\u00ed\u010dek a \u00fasm\u011bvy v\u0161ech z\u00fa\u010dastn\u011bn\u00fdch.<\/p>\n","protected":false},"excerpt":{"rendered":"<p>Na za\u010d\u00e1tku listopadu se do na\u0161\u00ed \u0161kolou vloudila tajemn\u00e1 atmosf\u00e9ra podzimn\u00edch tradic. V\u00fduka v ni\u017e\u0161\u00edch t\u0159\u00edd\u00e1ch se nesla v duchu&nbsp;<a href=\"https:\/\/www.zsohrobec.cz\/nove\/halloweenska-dopoledne-a-vecerni-samhain\/\">&hellip;<\/a><\/p>\n","protected":false},"author":2,"featured_media":7352,"comment_status":"closed","ping_status":"closed","sticky":false,"template":"","format":"standard","meta":{"ngg_post_thumbnail":0,"footnotes":""},"categories":[19],"tags":[],"class_list":["post-7351","post","type-post","status-publish","format-standard","has-post-thumbnail","hentry","category-zs","odd"],"_links":{"self":[{"href":"https:\/\/www.zsohrobec.cz\/nove\/wp-json\/wp\/v2\/posts\/7351","targetHints":{"allow":["GET"]}}],"collection":[{"href":"https:\/\/www.zsohrobec.cz\/nove\/wp-json\/wp\/v2\/posts"}],"about":[{"href":"https:\/\/www.zsohrobec.cz\/nove\/wp-json\/wp\/v2\/types\/post"}],"author":[{"embeddable":true,"href":"https:\/\/www.zsohrobec.cz\/nove\/wp-json\/wp\/v2\/users\/2"}],"replies":[{"embeddable":true,"href":"https:\/\/www.zsohrobec.cz\/nove\/wp-json\/wp\/v2\/comments?post=7351"}],"version-history":[{"count":1,"href":"https:\/\/www.zsohrobec.cz\/nove\/wp-json\/wp\/v2\/posts\/7351\/revisions"}],"predecessor-version":[{"id":7353,"href":"https:\/\/www.zsohrobec.cz\/nove\/wp-json\/wp\/v2\/posts\/7351\/revisions\/7353"}],"wp:featuredmedia":[{"embeddable":true,"href":"https:\/\/www.zsohrobec.cz\/nove\/wp-json\/wp\/v2\/media\/7352"}],"wp:attachment":[{"href":"https:\/\/www.zsohrobec.cz\/nove\/wp-json\/wp\/v2\/media?parent=7351"}],"wp:term":[{"taxonomy":"category","embeddable":true,"href":"https:\/\/www.zsohrobec.cz\/nove\/wp-json\/wp\/v2\/categories?post=7351"},{"taxonomy":"post_tag","embeddable":true,"href":"https:\/\/www.zsohrobec.cz\/nove\/wp-json\/wp\/v2\/tags?post=7351"}],"curies":[{"name":"wp","href":"https:\/\/api.w.org\/{rel}","templated":true}]}}