{"id":6979,"date":"2025-09-17T13:53:36","date_gmt":"2025-09-17T11:53:36","guid":{"rendered":"https:\/\/www.zsohrobec.cz\/nove\/?p=6979"},"modified":"2025-09-17T13:53:37","modified_gmt":"2025-09-17T11:53:37","slug":"vystava-korunovacnich-klenotu","status":"publish","type":"post","link":"https:\/\/www.zsohrobec.cz\/nove\/vystava-korunovacnich-klenotu\/","title":{"rendered":"V\u00fdstava korunova\u010dn\u00edch klenot\u016f"},"content":{"rendered":"\n<p>V polovin\u011b z\u00e1\u0159\u00ed se na\u0161i \u017e\u00e1ci vydali na v\u00fdjime\u010dn\u00fd \u0161koln\u00ed v\u00fdlet do Prahy. C\u00edlem byla unik\u00e1tn\u00ed v\u00fdstava korunova\u010dn\u00edch klenot\u016f na Pra\u017esk\u00e9m hrad\u011b, kterou si nenechaly uj\u00edt dv\u011b skupiny na\u0161ich \u0161kol\u00e1k\u016f.<\/p>\n\n\n\n<p>V pond\u011bl\u00ed 16. 9. se na Hrad vypravili \u017e\u00e1ci 6.\u20139. ro\u010dn\u00edku. B\u011bhem prohl\u00eddky se mohli dozv\u011bd\u011bt zaj\u00edmav\u00e9 informace o symbolice korunova\u010dn\u00edch klenot\u016f. Velk\u00fdm p\u0159ekvapen\u00edm a nev\u0161edn\u00edm z\u00e1\u017eitkem pro v\u0161echny byla p\u0159\u00edle\u017eitost potkat p\u0159\u00edmo pana prezidenta a po\u0159\u00eddit si spole\u010dnou fotografii.<\/p>\n\n\n\n<p>O den pozd\u011bji, 17. 9., se na stejnou v\u00fdstavu vydali \u017e\u00e1ci 4. a 5. ro\u010dn\u00edku. Men\u0161\u00ed d\u011bti krom\u011b klenot\u016f nadchlo i zvon\u011bn\u00ed na Loret\u00e1nsk\u00e9m n\u00e1m\u011bst\u00ed a kouzeln\u00e1 proch\u00e1zka malebnou uli\u010dkou Nov\u00fd sv\u011bt.<\/p>\n\n\n\n<p>V\u00fdlet byl nejen kr\u00e1sn\u00fdm zpest\u0159en\u00edm za\u010d\u00e1tku \u0161koln\u00edho roku, ale tak\u00e9 cennou p\u0159\u00edle\u017eitost\u00ed propojit v\u00fduku d\u011bjepisu a vlastiv\u011bdy s autentick\u00fdm z\u00e1\u017eitkem. <\/p>\n\n\n\n<p><\/p>\n","protected":false},"excerpt":{"rendered":"<p>V polovin\u011b z\u00e1\u0159\u00ed se na\u0161i \u017e\u00e1ci vydali na v\u00fdjime\u010dn\u00fd \u0161koln\u00ed v\u00fdlet do Prahy. C\u00edlem byla unik\u00e1tn\u00ed v\u00fdstava korunova\u010dn\u00edch klenot\u016f na&nbsp;<a href=\"https:\/\/www.zsohrobec.cz\/nove\/vystava-korunovacnich-klenotu\/\">&hellip;<\/a><\/p>\n","protected":false},"author":2,"featured_media":6980,"comment_status":"closed","ping_status":"closed","sticky":false,"template":"","format":"standard","meta":{"ngg_post_thumbnail":0,"footnotes":""},"categories":[19],"tags":[],"class_list":["post-6979","post","type-post","status-publish","format-standard","has-post-thumbnail","hentry","category-zs","odd"],"_links":{"self":[{"href":"https:\/\/www.zsohrobec.cz\/nove\/wp-json\/wp\/v2\/posts\/6979","targetHints":{"allow":["GET"]}}],"collection":[{"href":"https:\/\/www.zsohrobec.cz\/nove\/wp-json\/wp\/v2\/posts"}],"about":[{"href":"https:\/\/www.zsohrobec.cz\/nove\/wp-json\/wp\/v2\/types\/post"}],"author":[{"embeddable":true,"href":"https:\/\/www.zsohrobec.cz\/nove\/wp-json\/wp\/v2\/users\/2"}],"replies":[{"embeddable":true,"href":"https:\/\/www.zsohrobec.cz\/nove\/wp-json\/wp\/v2\/comments?post=6979"}],"version-history":[{"count":1,"href":"https:\/\/www.zsohrobec.cz\/nove\/wp-json\/wp\/v2\/posts\/6979\/revisions"}],"predecessor-version":[{"id":6981,"href":"https:\/\/www.zsohrobec.cz\/nove\/wp-json\/wp\/v2\/posts\/6979\/revisions\/6981"}],"wp:featuredmedia":[{"embeddable":true,"href":"https:\/\/www.zsohrobec.cz\/nove\/wp-json\/wp\/v2\/media\/6980"}],"wp:attachment":[{"href":"https:\/\/www.zsohrobec.cz\/nove\/wp-json\/wp\/v2\/media?parent=6979"}],"wp:term":[{"taxonomy":"category","embeddable":true,"href":"https:\/\/www.zsohrobec.cz\/nove\/wp-json\/wp\/v2\/categories?post=6979"},{"taxonomy":"post_tag","embeddable":true,"href":"https:\/\/www.zsohrobec.cz\/nove\/wp-json\/wp\/v2\/tags?post=6979"}],"curies":[{"name":"wp","href":"https:\/\/api.w.org\/{rel}","templated":true}]}}