{"id":6116,"date":"2025-04-22T17:48:57","date_gmt":"2025-04-22T15:48:57","guid":{"rendered":"https:\/\/www.zsohrobec.cz\/nove\/?p=6116"},"modified":"2025-04-22T17:48:58","modified_gmt":"2025-04-22T15:48:58","slug":"uklid-ohrobce-a-karova","status":"publish","type":"post","link":"https:\/\/www.zsohrobec.cz\/nove\/uklid-ohrobce-a-karova\/","title":{"rendered":"\u00daklid Ohrobce a K\u00e1rova"},"content":{"rendered":"\n<p>V pond\u011bl\u00ed 22. dubna se na\u0161e \u0161kola zapojila do celorepublikov\u00e9 akce Ukli\u010fme \u010cesko. V\u0161ichni \u017e\u00e1ci od 1. do 8. t\u0159\u00eddy si nasadili rukavice, vzali pytle na odpadky a s chut\u00ed se pustili do \u00faklidu okol\u00ed Ohrobce a K\u00e1rova.<\/p>\n\n\n\n<p>Ka\u017ed\u00e1 t\u0159\u00edda m\u011bla na starost konkr\u00e9tn\u00ed \u010d\u00e1st obce \u2013 n\u011bkdo se vydal do lesa, jin\u00fd k potoku, dal\u0161\u00ed zase zam\u00ed\u0159ili na d\u011btsk\u00e1 h\u0159i\u0161t\u011b nebo do okol\u00ed silnic. Nejv\u00edce odpadk\u016f jsme na\u0161li pr\u00e1v\u011b v lese, u potoka a bohu\u017eel i na h\u0159i\u0161t\u00edch, kde by si d\u011bti m\u011bly hr\u00e1t v \u010dist\u00e9m prost\u0159ed\u00ed.<\/p>\n\n\n\n<p>Mezi nej\u010dast\u011bj\u0161\u00ed \u201e\u00falovky\u201c pat\u0159ily plastov\u00e9 obaly, plechovky, star\u00e9 obaly od potravin, ale nejv\u00edce jsme sb\u00edrali nedopalky cigaret \u2013 a to i na m\u00edstech, kde by rozhodn\u011b nem\u011bly b\u00fdt.<\/p>\n\n\n\n<p>I kdy\u017e byl den pracovn\u011b n\u00e1ro\u010dn\u00fd, odm\u011bnou n\u00e1m byl dobr\u00fd pocit, \u017ee jsme p\u0159isp\u011bli k \u010dist\u0161\u00ed p\u0159\u00edrod\u011b v na\u0161em okol\u00ed. D\u011bkujeme v\u0161em \u017e\u00e1k\u016fm, kte\u0159\u00ed se do akce s nad\u0161en\u00edm zapojili!<\/p>\n\n\n\n<p><\/p>\n","protected":false},"excerpt":{"rendered":"<p>V pond\u011bl\u00ed 22. dubna se na\u0161e \u0161kola zapojila do celorepublikov\u00e9 akce Ukli\u010fme \u010cesko. V\u0161ichni \u017e\u00e1ci od 1. do 8. t\u0159\u00eddy&nbsp;<a href=\"https:\/\/www.zsohrobec.cz\/nove\/uklid-ohrobce-a-karova\/\">&hellip;<\/a><\/p>\n","protected":false},"author":2,"featured_media":6117,"comment_status":"closed","ping_status":"closed","sticky":false,"template":"","format":"standard","meta":{"ngg_post_thumbnail":0,"footnotes":""},"categories":[19],"tags":[],"class_list":["post-6116","post","type-post","status-publish","format-standard","has-post-thumbnail","hentry","category-zs","odd"],"_links":{"self":[{"href":"https:\/\/www.zsohrobec.cz\/nove\/wp-json\/wp\/v2\/posts\/6116","targetHints":{"allow":["GET"]}}],"collection":[{"href":"https:\/\/www.zsohrobec.cz\/nove\/wp-json\/wp\/v2\/posts"}],"about":[{"href":"https:\/\/www.zsohrobec.cz\/nove\/wp-json\/wp\/v2\/types\/post"}],"author":[{"embeddable":true,"href":"https:\/\/www.zsohrobec.cz\/nove\/wp-json\/wp\/v2\/users\/2"}],"replies":[{"embeddable":true,"href":"https:\/\/www.zsohrobec.cz\/nove\/wp-json\/wp\/v2\/comments?post=6116"}],"version-history":[{"count":1,"href":"https:\/\/www.zsohrobec.cz\/nove\/wp-json\/wp\/v2\/posts\/6116\/revisions"}],"predecessor-version":[{"id":6118,"href":"https:\/\/www.zsohrobec.cz\/nove\/wp-json\/wp\/v2\/posts\/6116\/revisions\/6118"}],"wp:featuredmedia":[{"embeddable":true,"href":"https:\/\/www.zsohrobec.cz\/nove\/wp-json\/wp\/v2\/media\/6117"}],"wp:attachment":[{"href":"https:\/\/www.zsohrobec.cz\/nove\/wp-json\/wp\/v2\/media?parent=6116"}],"wp:term":[{"taxonomy":"category","embeddable":true,"href":"https:\/\/www.zsohrobec.cz\/nove\/wp-json\/wp\/v2\/categories?post=6116"},{"taxonomy":"post_tag","embeddable":true,"href":"https:\/\/www.zsohrobec.cz\/nove\/wp-json\/wp\/v2\/tags?post=6116"}],"curies":[{"name":"wp","href":"https:\/\/api.w.org\/{rel}","templated":true}]}}