{"id":5674,"date":"2025-03-11T18:22:31","date_gmt":"2025-03-11T17:22:31","guid":{"rendered":"https:\/\/www.zsohrobec.cz\/nove\/?p=5674"},"modified":"2025-03-11T18:29:19","modified_gmt":"2025-03-11T17:29:19","slug":"ucime-se-venku","status":"publish","type":"post","link":"https:\/\/www.zsohrobec.cz\/nove\/ucime-se-venku\/","title":{"rendered":"U\u010d\u00edme se venku"},"content":{"rendered":"\n<p>S prvn\u00edmi tepl\u00fdmi dny jsme nev\u00e1hali a vyrazili s u\u010den\u00edm ven. Slun\u00ed\u010dko, \u010derstv\u00fd vzduch a trochu pohybu \u2013 to je ide\u00e1ln\u00ed kombinace, jak si zpest\u0159it \u0161koln\u00ed v\u00fduku.<\/p>\n\n\n\n<p><\/p>\n\n\n\n<p><strong>Den prvn\u00ed: Stezka pln\u00e1 p\u0159\u00edslov\u00ed<\/strong><br>\u017d\u00e1ci 4. a 5. t\u0159\u00edd se 10. b\u0159ezna vydali na dobrodru\u017enou stezku, kde je \u010dekal \u00fakol rozlu\u0161tit zn\u00e1m\u00e1 \u010desk\u00e1 p\u0159\u00edslov\u00ed. M\u00edsto slov jim v\u0161ak tentokr\u00e1t napov\u00eddaly obr\u00e1zky. D\u011bti zapojily svou fantazii i jazykov\u00e9 dovednosti a zjistily, \u017ee n\u011bkter\u00e1 p\u0159\u00edslov\u00ed znaj\u00ed jako sv\u00e9 boty, zat\u00edmco jin\u00e1 jim dala po\u0159\u00e1dn\u011b zabrat.<\/p>\n\n\n\n<p><\/p>\n\n\n\n<p><strong>Den druh\u00fd: QR k\u00f3dy v akci<\/strong><br>11. b\u0159ezen pat\u0159il \u017e\u00e1k\u016fm 3. a 4. t\u0159\u00edd, kte\u0159\u00ed si na \u010derstv\u00e9m vzduchu procvi\u010dili matematiku a \u010desk\u00fd jazyk pomoc\u00ed iPad\u016f. Skenov\u00e1n\u00edm QR k\u00f3d\u016f se dost\u00e1vali k \u00fakol\u016fm, kter\u00e9 prov\u011b\u0159ily jejich znalosti hravou a interaktivn\u00ed formou. Modern\u00ed technologie ve spojen\u00ed s pohybem se uk\u00e1zaly jako skv\u011bl\u00fd zp\u016fsob, jak ud\u011blat u\u010den\u00ed je\u0161t\u011b zaj\u00edmav\u011bj\u0161\u00ed.<\/p>\n\n\n\n<p>U\u010den\u00ed venku n\u00e1s bavilo a ur\u010dit\u011b si ho brzy zopakujeme! \ud83c\udf3f\u2600\ufe0f\ud83d\udcda<\/p>\n","protected":false},"excerpt":{"rendered":"<p>S prvn\u00edmi tepl\u00fdmi dny jsme nev\u00e1hali a vyrazili s u\u010den\u00edm ven. Slun\u00ed\u010dko, \u010derstv\u00fd vzduch a trochu pohybu \u2013 to je&nbsp;<a href=\"https:\/\/www.zsohrobec.cz\/nove\/ucime-se-venku\/\">&hellip;<\/a><\/p>\n","protected":false},"author":2,"featured_media":5675,"comment_status":"closed","ping_status":"closed","sticky":false,"template":"","format":"standard","meta":{"ngg_post_thumbnail":0,"footnotes":""},"categories":[19],"tags":[],"class_list":["post-5674","post","type-post","status-publish","format-standard","has-post-thumbnail","hentry","category-zs","odd"],"_links":{"self":[{"href":"https:\/\/www.zsohrobec.cz\/nove\/wp-json\/wp\/v2\/posts\/5674","targetHints":{"allow":["GET"]}}],"collection":[{"href":"https:\/\/www.zsohrobec.cz\/nove\/wp-json\/wp\/v2\/posts"}],"about":[{"href":"https:\/\/www.zsohrobec.cz\/nove\/wp-json\/wp\/v2\/types\/post"}],"author":[{"embeddable":true,"href":"https:\/\/www.zsohrobec.cz\/nove\/wp-json\/wp\/v2\/users\/2"}],"replies":[{"embeddable":true,"href":"https:\/\/www.zsohrobec.cz\/nove\/wp-json\/wp\/v2\/comments?post=5674"}],"version-history":[{"count":2,"href":"https:\/\/www.zsohrobec.cz\/nove\/wp-json\/wp\/v2\/posts\/5674\/revisions"}],"predecessor-version":[{"id":5677,"href":"https:\/\/www.zsohrobec.cz\/nove\/wp-json\/wp\/v2\/posts\/5674\/revisions\/5677"}],"wp:featuredmedia":[{"embeddable":true,"href":"https:\/\/www.zsohrobec.cz\/nove\/wp-json\/wp\/v2\/media\/5675"}],"wp:attachment":[{"href":"https:\/\/www.zsohrobec.cz\/nove\/wp-json\/wp\/v2\/media?parent=5674"}],"wp:term":[{"taxonomy":"category","embeddable":true,"href":"https:\/\/www.zsohrobec.cz\/nove\/wp-json\/wp\/v2\/categories?post=5674"},{"taxonomy":"post_tag","embeddable":true,"href":"https:\/\/www.zsohrobec.cz\/nove\/wp-json\/wp\/v2\/tags?post=5674"}],"curies":[{"name":"wp","href":"https:\/\/api.w.org\/{rel}","templated":true}]}}