{"id":5602,"date":"2025-03-06T12:31:59","date_gmt":"2025-03-06T11:31:59","guid":{"rendered":"https:\/\/www.zsohrobec.cz\/nove\/?p=5602"},"modified":"2026-01-01T13:07:51","modified_gmt":"2026-01-01T12:07:51","slug":"sedmaci-nominovali-pana-reditele-na-oceneni-zlaty-amos","status":"publish","type":"post","link":"https:\/\/www.zsohrobec.cz\/nove\/sedmaci-nominovali-pana-reditele-na-oceneni-zlaty-amos\/","title":{"rendered":"Sedm\u00e1ci nominovali pana \u0159editele na ocen\u011bn\u00ed Zlat\u00fd \u00c1MOS"},"content":{"rendered":"\n<p>B\u011bhem podzimu se \u017e\u00e1ci sedm\u00e9 t\u0159\u00eddy s podporou spolu\u017e\u00e1k\u016f i pedagog\u016f rozhodli nominovat pana \u0159editele na ocen\u011bn\u00ed Zlat\u00fd \u00c1MOS, kter\u00e9 je ud\u011blov\u00e1no nejobl\u00edben\u011bj\u0161\u00edm u\u010ditel\u016fm v \u010cesk\u00e9 republice. Pro spln\u011bn\u00ed nominace museli sehnat dostatek podpis\u016f a p\u0159ipravit medailonek, kter\u00fd p\u0159ibl\u00ed\u017eil osobnost jejich kandid\u00e1ta.<\/p>\n\n\n\n<p>Vyvrcholen\u00edm jejich snahy bylo krajsk\u00e9 kolo sout\u011b\u017ee, kter\u00e9 se konalo 17. \u00fanora 2025 ve \u0160kodov\u011b pal\u00e1ci v Praze. Na\u0161i \u017e\u00e1ci zde p\u0159edstavili pana \u0159editele nejen porot\u011b, ale i v\u0161em p\u0159\u00edtomn\u00fdm div\u00e1k\u016fm. Sou\u010d\u00e1st\u00ed jejich prezentace bylo i origin\u00e1ln\u011b zpracovan\u00e9 video, kter\u00e9 ukazovalo, pro\u010d je pan \u0159editel pro n\u011b tak v\u00fdjime\u010dn\u00fd.<\/p>\n\n\n\n<p>A\u010dkoliv se jim nepoda\u0159ilo postoupit do dal\u0161\u00edch kol, z\u00edskali cennou zku\u0161enost, kterou si jist\u011b ponesou i do budoucna. Jsme na na\u0161e sedm\u00e1ky nesm\u00edrn\u011b py\u0161n\u00ed a d\u011bkujeme jim za jejich iniciativu, odhodl\u00e1n\u00ed a p\u0159\u00edkladnou reprezentaci na\u0161\u00ed \u0161koly!<\/p>\n\n\n\n<figure class=\"wp-block-image size-large\"><img loading=\"lazy\" decoding=\"async\" width=\"724\" height=\"1024\" src=\"https:\/\/www.zsohrobec.cz\/nove\/wp-content\/uploads\/2025\/03\/20250204110700-page-001-724x1024.jpg\" alt=\"\" class=\"wp-image-5608\" srcset=\"https:\/\/www.zsohrobec.cz\/nove\/wp-content\/uploads\/2025\/03\/20250204110700-page-001-724x1024.jpg 724w, https:\/\/www.zsohrobec.cz\/nove\/wp-content\/uploads\/2025\/03\/20250204110700-page-001-212x300.jpg 212w, https:\/\/www.zsohrobec.cz\/nove\/wp-content\/uploads\/2025\/03\/20250204110700-page-001.jpg 1240w\" sizes=\"auto, (max-width: 724px) 100vw, 724px\" \/><\/figure>\n","protected":false},"excerpt":{"rendered":"<p>B\u011bhem podzimu se \u017e\u00e1ci sedm\u00e9 t\u0159\u00eddy s podporou spolu\u017e\u00e1k\u016f i pedagog\u016f rozhodli nominovat pana \u0159editele na ocen\u011bn\u00ed Zlat\u00fd \u00c1MOS, kter\u00e9&nbsp;<a href=\"https:\/\/www.zsohrobec.cz\/nove\/sedmaci-nominovali-pana-reditele-na-oceneni-zlaty-amos\/\">&hellip;<\/a><\/p>\n","protected":false},"author":2,"featured_media":5605,"comment_status":"closed","ping_status":"closed","sticky":false,"template":"","format":"standard","meta":{"ngg_post_thumbnail":0,"footnotes":""},"categories":[20,19],"tags":[],"class_list":["post-5602","post","type-post","status-publish","format-standard","has-post-thumbnail","hentry","category-ms","category-zs","odd"],"_links":{"self":[{"href":"https:\/\/www.zsohrobec.cz\/nove\/wp-json\/wp\/v2\/posts\/5602","targetHints":{"allow":["GET"]}}],"collection":[{"href":"https:\/\/www.zsohrobec.cz\/nove\/wp-json\/wp\/v2\/posts"}],"about":[{"href":"https:\/\/www.zsohrobec.cz\/nove\/wp-json\/wp\/v2\/types\/post"}],"author":[{"embeddable":true,"href":"https:\/\/www.zsohrobec.cz\/nove\/wp-json\/wp\/v2\/users\/2"}],"replies":[{"embeddable":true,"href":"https:\/\/www.zsohrobec.cz\/nove\/wp-json\/wp\/v2\/comments?post=5602"}],"version-history":[{"count":2,"href":"https:\/\/www.zsohrobec.cz\/nove\/wp-json\/wp\/v2\/posts\/5602\/revisions"}],"predecessor-version":[{"id":5609,"href":"https:\/\/www.zsohrobec.cz\/nove\/wp-json\/wp\/v2\/posts\/5602\/revisions\/5609"}],"wp:featuredmedia":[{"embeddable":true,"href":"https:\/\/www.zsohrobec.cz\/nove\/wp-json\/wp\/v2\/media\/5605"}],"wp:attachment":[{"href":"https:\/\/www.zsohrobec.cz\/nove\/wp-json\/wp\/v2\/media?parent=5602"}],"wp:term":[{"taxonomy":"category","embeddable":true,"href":"https:\/\/www.zsohrobec.cz\/nove\/wp-json\/wp\/v2\/categories?post=5602"},{"taxonomy":"post_tag","embeddable":true,"href":"https:\/\/www.zsohrobec.cz\/nove\/wp-json\/wp\/v2\/tags?post=5602"}],"curies":[{"name":"wp","href":"https:\/\/api.w.org\/{rel}","templated":true}]}}