{"id":5225,"date":"2024-12-16T10:21:58","date_gmt":"2024-12-16T09:21:58","guid":{"rendered":"https:\/\/www.zsohrobec.cz\/nove\/?p=5225"},"modified":"2024-12-16T10:22:00","modified_gmt":"2024-12-16T09:22:00","slug":"vanocni-jarmark-2","status":"publish","type":"post","link":"https:\/\/www.zsohrobec.cz\/nove\/vanocni-jarmark-2\/","title":{"rendered":"V\u00e1no\u010dn\u00ed jarmark"},"content":{"rendered":"\n<p>Ve \u010dtvrtek 12. 12. 2024 prob\u011bhl ji\u017e t\u0159et\u00ed V\u00e1no\u010dn\u00ed jarmark. A op\u011bt byl skv\u011bl\u00fd. Dle fotek i ohlas\u016f si to v\u0161ichni moc u\u017eili. Tentokr\u00e1t cel\u00e1 akce prob\u011bhla v budov\u011b z\u00e1kladn\u00ed \u0161koly. P\u0159ed \u0161kolou se nab\u00edzelo sva\u0159en\u00e9 v\u00edno a tepl\u00fd d\u017eus\u00edk a ve \u0161kole byly p\u0159ipraveny d\u00edlni\u010dky pro d\u011bti a t\u0159i t\u0159\u00eddy pln\u00e9 v\u00fdrobk\u016f:-). Ka\u017ed\u00e1 t\u0159\u00edda si prod\u00e1vali &#8221; to svoje&#8221; plus v\u00fdrobky z d\u00edlni\u010dek. O ob\u010derstven\u00ed se postarali sedm\u00e1ci a osm\u00e1ci, kte\u0159\u00ed vlastnoru\u010dn\u011b p\u0159ipravili pomaz\u00e1nky a upekli pern\u00edk. <\/p>\n\n\n\n<p>\u0160kola byla n\u00e1dhern\u011b vyzdoben\u00e1, za co d\u011bkujeme pan\u00ed u\u010ditelce \u0160\u0165astn\u00e9, kter\u00e1 ji zajistila. D\u011bkujeme tak\u00e9 rodi\u010d\u016fm ze Spolku rodi\u010d\u016f, bez kter\u00fdch by V\u00e1no\u010dn\u00ed jarmark v\u016fbec nebyl. Na z\u00e1v\u011br d\u011bkujeme V\u00e1m rodi\u010d\u016fm, kte\u0159\u00ed jste pom\u00e1hali s p\u0159\u00edpravou v\u00fdrobk\u016f a kte\u0159\u00ed jste p\u0159i\u0161li podpo\u0159it na\u0161i \u0161kolu. Pod\u011bkov\u00e1n\u00ed pat\u0159\u00ed tak\u00e9 v\u0161em na\u0161im \u017e\u00e1k\u016fm, kte\u0159\u00ed dostanou finan\u010dn\u00ed odm\u011bnu za pomoc p\u0159i p\u0159\u00edprav\u011b a prodeji. Tu si vyberou p\u0159i n\u011bjak\u00e9m \u0161koln\u00edm v\u00fdlet\u011b, a\u017e p\u016fjdou na zmrzlinu:-).<\/p>\n\n\n\n<p>A kolik se vlastn\u011b utr\u017eilo??? Kr\u00e1sn\u00fdch 36 961 K\u010d po ode\u010dten\u00ed v\u0161ech n\u00e1klad\u016f. <\/p>\n\n\n\n<p><\/p>\n","protected":false},"excerpt":{"rendered":"<p>Ve \u010dtvrtek 12. 12. 2024 prob\u011bhl ji\u017e t\u0159et\u00ed V\u00e1no\u010dn\u00ed jarmark. A op\u011bt byl skv\u011bl\u00fd. Dle fotek i ohlas\u016f si to&nbsp;<a href=\"https:\/\/www.zsohrobec.cz\/nove\/vanocni-jarmark-2\/\">&hellip;<\/a><\/p>\n","protected":false},"author":2,"featured_media":5226,"comment_status":"closed","ping_status":"closed","sticky":false,"template":"","format":"standard","meta":{"ngg_post_thumbnail":0,"footnotes":""},"categories":[19],"tags":[],"class_list":["post-5225","post","type-post","status-publish","format-standard","has-post-thumbnail","hentry","category-zs","odd"],"_links":{"self":[{"href":"https:\/\/www.zsohrobec.cz\/nove\/wp-json\/wp\/v2\/posts\/5225","targetHints":{"allow":["GET"]}}],"collection":[{"href":"https:\/\/www.zsohrobec.cz\/nove\/wp-json\/wp\/v2\/posts"}],"about":[{"href":"https:\/\/www.zsohrobec.cz\/nove\/wp-json\/wp\/v2\/types\/post"}],"author":[{"embeddable":true,"href":"https:\/\/www.zsohrobec.cz\/nove\/wp-json\/wp\/v2\/users\/2"}],"replies":[{"embeddable":true,"href":"https:\/\/www.zsohrobec.cz\/nove\/wp-json\/wp\/v2\/comments?post=5225"}],"version-history":[{"count":1,"href":"https:\/\/www.zsohrobec.cz\/nove\/wp-json\/wp\/v2\/posts\/5225\/revisions"}],"predecessor-version":[{"id":5227,"href":"https:\/\/www.zsohrobec.cz\/nove\/wp-json\/wp\/v2\/posts\/5225\/revisions\/5227"}],"wp:featuredmedia":[{"embeddable":true,"href":"https:\/\/www.zsohrobec.cz\/nove\/wp-json\/wp\/v2\/media\/5226"}],"wp:attachment":[{"href":"https:\/\/www.zsohrobec.cz\/nove\/wp-json\/wp\/v2\/media?parent=5225"}],"wp:term":[{"taxonomy":"category","embeddable":true,"href":"https:\/\/www.zsohrobec.cz\/nove\/wp-json\/wp\/v2\/categories?post=5225"},{"taxonomy":"post_tag","embeddable":true,"href":"https:\/\/www.zsohrobec.cz\/nove\/wp-json\/wp\/v2\/tags?post=5225"}],"curies":[{"name":"wp","href":"https:\/\/api.w.org\/{rel}","templated":true}]}}