{"id":4947,"date":"2024-11-20T16:03:58","date_gmt":"2024-11-20T15:03:58","guid":{"rendered":"https:\/\/www.zsohrobec.cz\/nove\/?p=4947"},"modified":"2024-11-20T16:08:49","modified_gmt":"2024-11-20T15:08:49","slug":"35-vyroci-sametove-revoluce","status":"publish","type":"post","link":"https:\/\/www.zsohrobec.cz\/nove\/35-vyroci-sametove-revoluce\/","title":{"rendered":"35. V\u00ddRO\u010c\u00cd SAMETOV\u00c9 REVOLUCE"},"content":{"rendered":"\n<p>20. listopadu se na\u0161e \u0161kola zapojila do projektu JEDEN SV\u011aT NA \u0160KOL\u00c1CH &#8211; 35. V\u00ddRO\u010c\u00cd SAMETOV\u00c9 REVOLUCE<\/p>\n\n\n\n<p>Dne\u0161ek byl pro na\u0161e \u017e\u00e1ky z \u0161est\u00e9, sedm\u00e9 a osm\u00e9 t\u0159\u00eddy ve znamen\u00ed Sametov\u00e9 revoluce. T\u00e9matu jsme v\u011bnovali t\u0159i vyu\u010dovac\u00ed hodiny, i kdy\u017e by toto t\u00e9ma dalo minim\u00e1ln\u011b na m\u011bs\u00edc. Prvn\u00ed hodinu jsme m\u011bli spole\u010dn\u00e9 prezentace na pojmy spojen\u00e9 s tou to dobou: N\u011aKOLIK V\u011aT, CHARTA 77, SAMETOV\u00c1 REVOLUCE, PALACH\u016eV T\u00ddDEN. Prezentace se v\u0161em velmi povedli a nebyla zn\u00e1t ani nervozita p\u0159edn\u00e1\u0161et sv\u00e1 d\u00edlka p\u0159ed v\u011bt\u0161\u00ed skupinou t\u0159eba i star\u0161\u00edch spolu\u017e\u00e1k\u016f.<\/p>\n\n\n\n<p>Druhou a t\u0159et\u00ed vyu\u010dovac\u00ed hodinu jsme m\u011bli ji\u017e v ka\u017ed\u00e9 t\u0159\u00edd\u011b jin\u00fd program.<\/p>\n\n\n\n<p>6. t\u0159\u00edda shl\u00e9dla film s n\u00e1zvem <a href=\"https:\/\/www.jsns.cz\/lekce\/329430-1989-z-dopisu-psanych-pres-zeleznou-oponu\">EMIGRANT PETR<\/a>, po kter\u00e9m n\u00e1sledovala hodina diskuse na t\u00e9ma svoboda, rodina a jin\u00e9. <\/p>\n\n\n\n<p>7. t\u0159\u00edda si prohl\u00e9dla PLAK\u00c1TOVOU V\u00ddSTAVU 1989: ROK Z\u00c1ZRAK\u016e. <\/p>\n\n\n\n<p>&#8220;V\u00fdstava\u00a0<strong>1989: Rok z\u00e1zrak\u016f<\/strong>\u00a0pojedn\u00e1v\u00e1 o\u00a0<strong>p\u00e1du komunistick\u00e9ho re\u017eimu<\/strong>\u00a0v \u010deskoslovensk\u00e9m i sv\u011btov\u00e9m kontextu. Za pomoci\u00a0ikonick\u00fdch fotografi\u00ed a plak\u00e1t\u016f, kter\u00e9 jsou nov\u011b roz\u0161\u00ed\u0159en\u00e9\u00a0<strong>o audio prvky<\/strong>,\u00a0ilustruje kontext tehdej\u0161\u00edch ud\u00e1lost\u00ed.\u00a0<strong>Studenti si mohou poslechnout autentick\u00e9 dobov\u00e9 nahr\u00e1vky a plnit interaktivn\u00ed \u00fakoly.\u00a0<\/strong>Celkem 12 plak\u00e1t\u016f velikosti A2\u00a0je\u00a0dopln\u011bno\u00a0faktografi\u00ed, tehdej\u0161\u00edm tiskem \u010di vzpom\u00ednkami akt\u00e9r\u016f.&#8221;<\/p>\n\n\n\n<p>8. t\u0159\u00edda si zahr\u00e1la <a href=\"https:\/\/www.jsns.cz\/lekce\/1778913-velvet-89\">REVOLU\u010cN\u00cd HLEDAC\u00cd HRU VELVET 89<\/a><\/p>\n\n\n\n<figure class=\"wp-block-image size-large\"><img loading=\"lazy\" decoding=\"async\" width=\"1024\" height=\"1024\" src=\"https:\/\/www.zsohrobec.cz\/nove\/wp-content\/uploads\/2024\/11\/SAMET-1024x1024.jpg\" alt=\"\" class=\"wp-image-4948\" srcset=\"https:\/\/www.zsohrobec.cz\/nove\/wp-content\/uploads\/2024\/11\/SAMET-1024x1024.jpg 1024w, https:\/\/www.zsohrobec.cz\/nove\/wp-content\/uploads\/2024\/11\/SAMET-300x300.jpg 300w, https:\/\/www.zsohrobec.cz\/nove\/wp-content\/uploads\/2024\/11\/SAMET-150x150.jpg 150w, https:\/\/www.zsohrobec.cz\/nove\/wp-content\/uploads\/2024\/11\/SAMET-768x768.jpg 768w, https:\/\/www.zsohrobec.cz\/nove\/wp-content\/uploads\/2024\/11\/SAMET-1536x1536.jpg 1536w, https:\/\/www.zsohrobec.cz\/nove\/wp-content\/uploads\/2024\/11\/SAMET-2048x2048.jpg 2048w, https:\/\/www.zsohrobec.cz\/nove\/wp-content\/uploads\/2024\/11\/SAMET-420x420.jpg 420w, https:\/\/www.zsohrobec.cz\/nove\/wp-content\/uploads\/2024\/11\/SAMET-280x280.jpg 280w, https:\/\/www.zsohrobec.cz\/nove\/wp-content\/uploads\/2024\/11\/SAMET-45x45.jpg 45w\" sizes=\"auto, (max-width: 1024px) 100vw, 1024px\" \/><\/figure>\n","protected":false},"excerpt":{"rendered":"<p>20. listopadu se na\u0161e \u0161kola zapojila do projektu JEDEN SV\u011aT NA \u0160KOL\u00c1CH &#8211; 35. V\u00ddRO\u010c\u00cd SAMETOV\u00c9 REVOLUCE Dne\u0161ek byl pro&nbsp;<a href=\"https:\/\/www.zsohrobec.cz\/nove\/35-vyroci-sametove-revoluce\/\">&hellip;<\/a><\/p>\n","protected":false},"author":2,"featured_media":4954,"comment_status":"closed","ping_status":"closed","sticky":false,"template":"","format":"standard","meta":{"ngg_post_thumbnail":0,"footnotes":""},"categories":[1,19],"tags":[],"class_list":["post-4947","post","type-post","status-publish","format-standard","has-post-thumbnail","hentry","category-nezarazene","category-zs","odd"],"_links":{"self":[{"href":"https:\/\/www.zsohrobec.cz\/nove\/wp-json\/wp\/v2\/posts\/4947","targetHints":{"allow":["GET"]}}],"collection":[{"href":"https:\/\/www.zsohrobec.cz\/nove\/wp-json\/wp\/v2\/posts"}],"about":[{"href":"https:\/\/www.zsohrobec.cz\/nove\/wp-json\/wp\/v2\/types\/post"}],"author":[{"embeddable":true,"href":"https:\/\/www.zsohrobec.cz\/nove\/wp-json\/wp\/v2\/users\/2"}],"replies":[{"embeddable":true,"href":"https:\/\/www.zsohrobec.cz\/nove\/wp-json\/wp\/v2\/comments?post=4947"}],"version-history":[{"count":1,"href":"https:\/\/www.zsohrobec.cz\/nove\/wp-json\/wp\/v2\/posts\/4947\/revisions"}],"predecessor-version":[{"id":4949,"href":"https:\/\/www.zsohrobec.cz\/nove\/wp-json\/wp\/v2\/posts\/4947\/revisions\/4949"}],"wp:featuredmedia":[{"embeddable":true,"href":"https:\/\/www.zsohrobec.cz\/nove\/wp-json\/wp\/v2\/media\/4954"}],"wp:attachment":[{"href":"https:\/\/www.zsohrobec.cz\/nove\/wp-json\/wp\/v2\/media?parent=4947"}],"wp:term":[{"taxonomy":"category","embeddable":true,"href":"https:\/\/www.zsohrobec.cz\/nove\/wp-json\/wp\/v2\/categories?post=4947"},{"taxonomy":"post_tag","embeddable":true,"href":"https:\/\/www.zsohrobec.cz\/nove\/wp-json\/wp\/v2\/tags?post=4947"}],"curies":[{"name":"wp","href":"https:\/\/api.w.org\/{rel}","templated":true}]}}