{"id":3141,"date":"2024-04-26T10:13:58","date_gmt":"2024-04-26T08:13:58","guid":{"rendered":"https:\/\/www.zsohrobec.cz\/nove\/?p=3141"},"modified":"2024-04-26T10:17:23","modified_gmt":"2024-04-26T08:17:23","slug":"den-zeme-v-sd","status":"publish","type":"post","link":"https:\/\/www.zsohrobec.cz\/nove\/den-zeme-v-sd\/","title":{"rendered":"Den Zem\u011b v \u0160D"},"content":{"rendered":"\n<p>Ke Dni Zem\u011b jsme si s d\u011btmi p\u0159ipravili Recykla\u010dn\u00ed projektov\u00e9 dny.&nbsp;<\/p>\n\n\n\n<p>P\u0159i nich jsme  se v\u011bnovali p\u0159edev\u0161\u00edm t\u0159\u00edd\u011bn\u00ed odpadk\u016f &#8211; jak\u00e9 barvy m\u00e1 kter\u00fd kontejner a co do nich spr\u00e1vn\u011b pat\u0159\u00ed.<\/p>\n\n\n\n<p>V pond\u011bl\u00ed 22. 4. jsme si s d\u011btmi \u010detli p\u0159\u00edb\u011bhy z kn\u00ed\u017eky Poh\u00e1dky z kontejneru a ukazovali n\u00e1zorn\u011b, kam vyhazujeme ur\u010dit\u00e9 odpadky. Pot\u00e9 jsme se vydali na obhl\u00eddku t\u0159\u00edd\u011bn\u00e9ho odpadu v Ohrobci&#8230;<\/p>\n\n\n\n<p>V \u00fater\u00fd 23.4. jsme pracovali s pracovn\u00edmi listy, vybarvovali kontejnery a spr\u00e1vn\u011b p\u0159i\u0159azovali dan\u00fd odpad a pustili jsme si i hezk\u00e9 dokumenty\/ poh\u00e1dky o Recyklaci a Ekologii.&nbsp;<\/p>\n\n\n\n<figure class=\"wp-block-image size-large\"><img loading=\"lazy\" decoding=\"async\" width=\"1024\" height=\"768\" src=\"https:\/\/www.zsohrobec.cz\/nove\/wp-content\/uploads\/2024\/04\/Den-Zeme-foto-1024x768.jpg\" alt=\"\" class=\"wp-image-3146\" srcset=\"https:\/\/www.zsohrobec.cz\/nove\/wp-content\/uploads\/2024\/04\/Den-Zeme-foto-1024x768.jpg 1024w, https:\/\/www.zsohrobec.cz\/nove\/wp-content\/uploads\/2024\/04\/Den-Zeme-foto-300x225.jpg 300w, https:\/\/www.zsohrobec.cz\/nove\/wp-content\/uploads\/2024\/04\/Den-Zeme-foto-768x576.jpg 768w, https:\/\/www.zsohrobec.cz\/nove\/wp-content\/uploads\/2024\/04\/Den-Zeme-foto-1536x1152.jpg 1536w, https:\/\/www.zsohrobec.cz\/nove\/wp-content\/uploads\/2024\/04\/Den-Zeme-foto-150x113.jpg 150w, https:\/\/www.zsohrobec.cz\/nove\/wp-content\/uploads\/2024\/04\/Den-Zeme-foto-280x210.jpg 280w, https:\/\/www.zsohrobec.cz\/nove\/wp-content\/uploads\/2024\/04\/Den-Zeme-foto.jpg 2000w\" sizes=\"auto, (max-width: 1024px) 100vw, 1024px\" \/><\/figure>\n\n\n\n<figure class=\"wp-block-image size-large\"><img loading=\"lazy\" decoding=\"async\" width=\"1024\" height=\"768\" src=\"https:\/\/www.zsohrobec.cz\/nove\/wp-content\/uploads\/2024\/04\/Den-Zeme-foto-2-1024x768.jpg\" alt=\"\" class=\"wp-image-3145\" srcset=\"https:\/\/www.zsohrobec.cz\/nove\/wp-content\/uploads\/2024\/04\/Den-Zeme-foto-2-1024x768.jpg 1024w, https:\/\/www.zsohrobec.cz\/nove\/wp-content\/uploads\/2024\/04\/Den-Zeme-foto-2-300x225.jpg 300w, https:\/\/www.zsohrobec.cz\/nove\/wp-content\/uploads\/2024\/04\/Den-Zeme-foto-2-768x576.jpg 768w, https:\/\/www.zsohrobec.cz\/nove\/wp-content\/uploads\/2024\/04\/Den-Zeme-foto-2-1536x1152.jpg 1536w, https:\/\/www.zsohrobec.cz\/nove\/wp-content\/uploads\/2024\/04\/Den-Zeme-foto-2-150x113.jpg 150w, https:\/\/www.zsohrobec.cz\/nove\/wp-content\/uploads\/2024\/04\/Den-Zeme-foto-2-280x210.jpg 280w, https:\/\/www.zsohrobec.cz\/nove\/wp-content\/uploads\/2024\/04\/Den-Zeme-foto-2.jpg 2000w\" sizes=\"auto, (max-width: 1024px) 100vw, 1024px\" \/><\/figure>\n","protected":false},"excerpt":{"rendered":"<p>Ke Dni Zem\u011b jsme si s d\u011btmi p\u0159ipravili Recykla\u010dn\u00ed projektov\u00e9 dny.&nbsp; P\u0159i nich jsme se v\u011bnovali p\u0159edev\u0161\u00edm t\u0159\u00edd\u011bn\u00ed odpadk\u016f &#8211;&nbsp;<a href=\"https:\/\/www.zsohrobec.cz\/nove\/den-zeme-v-sd\/\">&hellip;<\/a><\/p>\n","protected":false},"author":2,"featured_media":3142,"comment_status":"closed","ping_status":"closed","sticky":false,"template":"","format":"standard","meta":{"ngg_post_thumbnail":0,"footnotes":""},"categories":[1,21,19],"tags":[],"class_list":["post-3141","post","type-post","status-publish","format-standard","has-post-thumbnail","hentry","category-nezarazene","category-sd","category-zs","odd"],"_links":{"self":[{"href":"https:\/\/www.zsohrobec.cz\/nove\/wp-json\/wp\/v2\/posts\/3141","targetHints":{"allow":["GET"]}}],"collection":[{"href":"https:\/\/www.zsohrobec.cz\/nove\/wp-json\/wp\/v2\/posts"}],"about":[{"href":"https:\/\/www.zsohrobec.cz\/nove\/wp-json\/wp\/v2\/types\/post"}],"author":[{"embeddable":true,"href":"https:\/\/www.zsohrobec.cz\/nove\/wp-json\/wp\/v2\/users\/2"}],"replies":[{"embeddable":true,"href":"https:\/\/www.zsohrobec.cz\/nove\/wp-json\/wp\/v2\/comments?post=3141"}],"version-history":[{"count":2,"href":"https:\/\/www.zsohrobec.cz\/nove\/wp-json\/wp\/v2\/posts\/3141\/revisions"}],"predecessor-version":[{"id":3147,"href":"https:\/\/www.zsohrobec.cz\/nove\/wp-json\/wp\/v2\/posts\/3141\/revisions\/3147"}],"wp:featuredmedia":[{"embeddable":true,"href":"https:\/\/www.zsohrobec.cz\/nove\/wp-json\/wp\/v2\/media\/3142"}],"wp:attachment":[{"href":"https:\/\/www.zsohrobec.cz\/nove\/wp-json\/wp\/v2\/media?parent=3141"}],"wp:term":[{"taxonomy":"category","embeddable":true,"href":"https:\/\/www.zsohrobec.cz\/nove\/wp-json\/wp\/v2\/categories?post=3141"},{"taxonomy":"post_tag","embeddable":true,"href":"https:\/\/www.zsohrobec.cz\/nove\/wp-json\/wp\/v2\/tags?post=3141"}],"curies":[{"name":"wp","href":"https:\/\/api.w.org\/{rel}","templated":true}]}}