{"id":2806,"date":"2024-03-26T16:15:17","date_gmt":"2024-03-26T15:15:17","guid":{"rendered":"https:\/\/www.zsohrobec.cz\/nove\/?p=2806"},"modified":"2024-03-26T16:26:27","modified_gmt":"2024-03-26T15:26:27","slug":"barevny-tyden-ve-skolni-druzine","status":"publish","type":"post","link":"https:\/\/www.zsohrobec.cz\/nove\/barevny-tyden-ve-skolni-druzine\/","title":{"rendered":"Barevn\u00fd t\u00fdden ve \u0161koln\u00ed dru\u017ein\u011b"},"content":{"rendered":"\n<p>Minul\u00fd t\u00fdden se dru\u017eina zab\u00fdvala barvami a um\u011bn\u00edm. Ka\u017ed\u00fd den byla vybran\u00e1 jedna barva, do kter\u00e9 se na\u0161e odd\u011blen\u00ed obl\u00e9klo.<\/p>\n\n\n\n<p>V\u00a0pond\u011bl\u00ed jsem d\u011btem uk\u00e1zala r\u016fzn\u00e9 barvy, hlavn\u011b ty t\u0159i z\u00e1kladn\u00ed, d\u011bti si vyzkou\u0161ely pokusy s\u00a0barvami, jako t\u0159eba barevnou lentilkovou duhu, barevnou l\u00e1vu, barven\u00ed kv\u011btin, m\u00edch\u00e1n\u00ed z\u00e1kladn\u00edch barev a nejv\u011bt\u0161\u00edm experimentem bylo batikov\u00e1n\u00ed tri\u010dek za studena. V\u00a0\u00fater\u00fd se na\u0161e odd\u011blen\u00ed vydalo MHD na kr\u00e1sn\u00fd v\u00fdlet do Galaxie barev, kde n\u00e1s \u010dekal kulturn\u00ed z\u00e1\u017eitek &#8211; nekone\u010dn\u00e9 pozn\u00e1v\u00e1n\u00ed barev a zrcadlen\u00ed. Ve st\u0159edu se d\u011bti staly mal\u00ed\u0159i a nakoukly tak pod pokli\u010dku zn\u00e1m\u00fdch mal\u00ed\u0159\u016f, jako byl t\u0159eba Picasso, Salvador Dal\u00ed, nebo Andy Warhol. D\u011btem se poda\u0159ilo namalovat n\u011bkolik duplik\u00e1t\u016f zn\u00e1m\u00fdch obraz\u016f. Ve \u010dtvrtek n\u00e1s inspirovala p\u0159\u00edroda a na vyroben\u00e9 pap\u00edrov\u00e9 palety d\u011bti dok\u00e1zaly nam\u00edchat n\u00e1dhern\u00e9 barvy z\u00a0okoln\u00edch les\u016f a luk, jako nap\u0159\u00edklad fialky, travi\u010dku, l\u00edstky. V\u00a0p\u00e1tek bylo velik\u00e9 odhalen\u00ed na\u0161ich nabatikovan\u00fdch tri\u010dek a uzav\u0159en\u00ed na\u0161eho projektov\u00e9ho t\u00fddne,  kter\u00fd se uskute\u010dnil za finan\u010dn\u00ed podpory z OP JAK, do kter\u00e9ho je \u0161kola zapojena. D\u011bkujeme.<\/p>\n\n\n\n<p>Fotky z na\u0161eho barevn\u00e9ho t\u00fddne si m\u016f\u017eete prohl\u00e9dnout v galerii:-)<\/p>\n\n\n\n<p><\/p>\n","protected":false},"excerpt":{"rendered":"<p>Minul\u00fd t\u00fdden se dru\u017eina zab\u00fdvala barvami a um\u011bn\u00edm. Ka\u017ed\u00fd den byla vybran\u00e1 jedna barva, do kter\u00e9 se na\u0161e odd\u011blen\u00ed obl\u00e9klo.&nbsp;<a href=\"https:\/\/www.zsohrobec.cz\/nove\/barevny-tyden-ve-skolni-druzine\/\">&hellip;<\/a><\/p>\n","protected":false},"author":2,"featured_media":2809,"comment_status":"closed","ping_status":"closed","sticky":false,"template":"","format":"standard","meta":{"ngg_post_thumbnail":0,"footnotes":""},"categories":[1,21,19],"tags":[],"class_list":["post-2806","post","type-post","status-publish","format-standard","has-post-thumbnail","hentry","category-nezarazene","category-sd","category-zs","odd"],"_links":{"self":[{"href":"https:\/\/www.zsohrobec.cz\/nove\/wp-json\/wp\/v2\/posts\/2806","targetHints":{"allow":["GET"]}}],"collection":[{"href":"https:\/\/www.zsohrobec.cz\/nove\/wp-json\/wp\/v2\/posts"}],"about":[{"href":"https:\/\/www.zsohrobec.cz\/nove\/wp-json\/wp\/v2\/types\/post"}],"author":[{"embeddable":true,"href":"https:\/\/www.zsohrobec.cz\/nove\/wp-json\/wp\/v2\/users\/2"}],"replies":[{"embeddable":true,"href":"https:\/\/www.zsohrobec.cz\/nove\/wp-json\/wp\/v2\/comments?post=2806"}],"version-history":[{"count":1,"href":"https:\/\/www.zsohrobec.cz\/nove\/wp-json\/wp\/v2\/posts\/2806\/revisions"}],"predecessor-version":[{"id":2807,"href":"https:\/\/www.zsohrobec.cz\/nove\/wp-json\/wp\/v2\/posts\/2806\/revisions\/2807"}],"wp:featuredmedia":[{"embeddable":true,"href":"https:\/\/www.zsohrobec.cz\/nove\/wp-json\/wp\/v2\/media\/2809"}],"wp:attachment":[{"href":"https:\/\/www.zsohrobec.cz\/nove\/wp-json\/wp\/v2\/media?parent=2806"}],"wp:term":[{"taxonomy":"category","embeddable":true,"href":"https:\/\/www.zsohrobec.cz\/nove\/wp-json\/wp\/v2\/categories?post=2806"},{"taxonomy":"post_tag","embeddable":true,"href":"https:\/\/www.zsohrobec.cz\/nove\/wp-json\/wp\/v2\/tags?post=2806"}],"curies":[{"name":"wp","href":"https:\/\/api.w.org\/{rel}","templated":true}]}}