{"id":2692,"date":"2024-03-14T09:50:18","date_gmt":"2024-03-14T08:50:18","guid":{"rendered":"https:\/\/www.zsohrobec.cz\/nove\/?p=2692"},"modified":"2024-03-21T17:13:13","modified_gmt":"2024-03-21T16:13:13","slug":"den-otevrenych-dveri-v-zs","status":"publish","type":"post","link":"https:\/\/www.zsohrobec.cz\/nove\/den-otevrenych-dveri-v-zs\/","title":{"rendered":"Den otev\u0159en\u00fdch dve\u0159\u00ed v Z\u0160"},"content":{"rendered":"\n<p>9. dubna pro V\u00e1s p\u0159ipravujeme den otev\u0159en\u00fdch dve\u0159\u00ed v Z\u0160. P\u0159ij\u010fte se pod\u00edvat mezi 16:00 a 17:00 hodinou k n\u00e1m do \u0161koly na adrese V Dol\u00edch 5, Ohrobec. R\u00e1di V\u00e1s provedeme po \u0161kole i zodpov\u00edme Va\u0161e ot\u00e1zky. <\/p>\n\n\n\n<p>T\u011b\u0161\u00ed se na V\u00e1s veden\u00ed \u0161koly.<\/p>\n\n\n\n<figure class=\"wp-block-image size-large\"><img loading=\"lazy\" decoding=\"async\" width=\"724\" height=\"1024\" src=\"https:\/\/www.zsohrobec.cz\/nove\/wp-content\/uploads\/2024\/03\/Den-otevrenych-dveri-v-ZS-724x1024.png\" alt=\"\" class=\"wp-image-2693\" srcset=\"https:\/\/www.zsohrobec.cz\/nove\/wp-content\/uploads\/2024\/03\/Den-otevrenych-dveri-v-ZS-724x1024.png 724w, https:\/\/www.zsohrobec.cz\/nove\/wp-content\/uploads\/2024\/03\/Den-otevrenych-dveri-v-ZS-212x300.png 212w, https:\/\/www.zsohrobec.cz\/nove\/wp-content\/uploads\/2024\/03\/Den-otevrenych-dveri-v-ZS-768x1086.png 768w, https:\/\/www.zsohrobec.cz\/nove\/wp-content\/uploads\/2024\/03\/Den-otevrenych-dveri-v-ZS-1086x1536.png 1086w, https:\/\/www.zsohrobec.cz\/nove\/wp-content\/uploads\/2024\/03\/Den-otevrenych-dveri-v-ZS-1448x2048.png 1448w, https:\/\/www.zsohrobec.cz\/nove\/wp-content\/uploads\/2024\/03\/Den-otevrenych-dveri-v-ZS-106x150.png 106w, https:\/\/www.zsohrobec.cz\/nove\/wp-content\/uploads\/2024\/03\/Den-otevrenych-dveri-v-ZS-280x396.png 280w, https:\/\/www.zsohrobec.cz\/nove\/wp-content\/uploads\/2024\/03\/Den-otevrenych-dveri-v-ZS.png 1587w\" sizes=\"auto, (max-width: 724px) 100vw, 724px\" \/><\/figure>\n","protected":false},"excerpt":{"rendered":"<p>9. dubna pro V\u00e1s p\u0159ipravujeme den otev\u0159en\u00fdch dve\u0159\u00ed v Z\u0160. P\u0159ij\u010fte se pod\u00edvat mezi 16:00 a 17:00 hodinou k n\u00e1m&nbsp;<a href=\"https:\/\/www.zsohrobec.cz\/nove\/den-otevrenych-dveri-v-zs\/\">&hellip;<\/a><\/p>\n","protected":false},"author":2,"featured_media":2797,"comment_status":"closed","ping_status":"closed","sticky":false,"template":"","format":"standard","meta":{"ngg_post_thumbnail":0,"footnotes":""},"categories":[1,19],"tags":[],"class_list":["post-2692","post","type-post","status-publish","format-standard","has-post-thumbnail","hentry","category-nezarazene","category-zs","odd"],"_links":{"self":[{"href":"https:\/\/www.zsohrobec.cz\/nove\/wp-json\/wp\/v2\/posts\/2692","targetHints":{"allow":["GET"]}}],"collection":[{"href":"https:\/\/www.zsohrobec.cz\/nove\/wp-json\/wp\/v2\/posts"}],"about":[{"href":"https:\/\/www.zsohrobec.cz\/nove\/wp-json\/wp\/v2\/types\/post"}],"author":[{"embeddable":true,"href":"https:\/\/www.zsohrobec.cz\/nove\/wp-json\/wp\/v2\/users\/2"}],"replies":[{"embeddable":true,"href":"https:\/\/www.zsohrobec.cz\/nove\/wp-json\/wp\/v2\/comments?post=2692"}],"version-history":[{"count":1,"href":"https:\/\/www.zsohrobec.cz\/nove\/wp-json\/wp\/v2\/posts\/2692\/revisions"}],"predecessor-version":[{"id":2694,"href":"https:\/\/www.zsohrobec.cz\/nove\/wp-json\/wp\/v2\/posts\/2692\/revisions\/2694"}],"wp:featuredmedia":[{"embeddable":true,"href":"https:\/\/www.zsohrobec.cz\/nove\/wp-json\/wp\/v2\/media\/2797"}],"wp:attachment":[{"href":"https:\/\/www.zsohrobec.cz\/nove\/wp-json\/wp\/v2\/media?parent=2692"}],"wp:term":[{"taxonomy":"category","embeddable":true,"href":"https:\/\/www.zsohrobec.cz\/nove\/wp-json\/wp\/v2\/categories?post=2692"},{"taxonomy":"post_tag","embeddable":true,"href":"https:\/\/www.zsohrobec.cz\/nove\/wp-json\/wp\/v2\/tags?post=2692"}],"curies":[{"name":"wp","href":"https:\/\/api.w.org\/{rel}","templated":true}]}}