{"id":1677,"date":"2023-11-21T14:41:54","date_gmt":"2023-11-21T13:41:54","guid":{"rendered":"https:\/\/www.zsohrobec.cz\/nove\/?p=1677"},"modified":"2023-11-21T14:41:55","modified_gmt":"2023-11-21T13:41:55","slug":"aktualni-informace-ke-stavce-27-11-2023","status":"publish","type":"post","link":"https:\/\/www.zsohrobec.cz\/nove\/aktualni-informace-ke-stavce-27-11-2023\/","title":{"rendered":"Aktu\u00e1ln\u00ed informace ke st\u00e1vce 27. 11. 2023"},"content":{"rendered":"\n<p>V\u00e1\u017een\u00ed rodi\u010de,<\/p>\n\n\n\n<p>&nbsp;&nbsp; jak jsme V\u00e1s ji\u017e informovali na webov\u00fdch str\u00e1nk\u00e1ch \u0161koly (dne 9. 11. 2023), na\u0161e \u0161kola vyj\u00e1d\u0159\u00ed podporu pl\u00e1novan\u00e9 st\u00e1vce 27. 11. 2023 formou protestn\u00ed akce a samotn\u00fd provoz \u0161koly a \u0161kolky bude vypadat n\u00e1sledovn\u011b:<\/p>\n\n\n\n<p><strong><u>Provoz M\u0160:<\/u><\/strong><\/p>\n\n\n\n<ul class=\"wp-block-list\">\n<li>Po dohod\u011b se \u0160koln\u00ed j\u00eddelnou Doln\u00ed B\u0159e\u017eany, bude provoz bez omezen\u00ed.<\/li>\n<\/ul>\n\n\n\n<p><strong><u>Provoz Z\u0160:<\/u><\/strong><\/p>\n\n\n\n<ul class=\"wp-block-list\">\n<li>\u0161koln\u00ed dru\u017eina: Rann\u00ed i odpoledn\u00ed dru\u017eina z\u016fst\u00e1v\u00e1 bez omezen\u00ed.<\/li>\n\n\n\n<li>\u0161koln\u00ed stravov\u00e1n\u00ed: Po dohod\u011b se \u0160koln\u00ed j\u00eddelnou Doln\u00ed B\u0159e\u017eany je bez omezen\u00ed. Bude vytvo\u0159en p\u0159ehled odchod\u016f \u017e\u00e1k\u016f na ob\u011bd. Dle va\u0161eho uv\u00e1\u017een\u00ed pak m\u016f\u017eete d\u011btem ob\u011bd odhl\u00e1sit (s dostate\u010dn\u00fdm p\u0159edstihem \ud83d\ude0a).<\/li>\n\n\n\n<li>\u0161koln\u00ed vyu\u010dov\u00e1n\u00ed: \u0160koln\u00ed vyu\u010dov\u00e1n\u00ed bude ukon\u010deno v&nbsp;11:40. O n\u00e1plni tohoto dne jsme V\u00e1s ji\u017e informovali v&nbsp;p\u0159edchoz\u00ed zpr\u00e1v\u011b.<\/li>\n\n\n\n<li>dou\u010dov\u00e1n\u00ed z&nbsp;matematiky: V\u0161echna dou\u010dov\u00e1n\u00ed jsou realizov\u00e1na od 12:00.<\/li>\n<\/ul>\n\n\n\n<p>Hezk\u00fd zbytek dne<\/p>\n\n\n\n<p>Veden\u00ed Z\u0160 a M\u0160 Ohrobec<\/p>\n","protected":false},"excerpt":{"rendered":"<p>V\u00e1\u017een\u00ed rodi\u010de, &nbsp;&nbsp; jak jsme V\u00e1s ji\u017e informovali na webov\u00fdch str\u00e1nk\u00e1ch \u0161koly (dne 9. 11. 2023), na\u0161e \u0161kola vyj\u00e1d\u0159\u00ed podporu&nbsp;<a href=\"https:\/\/www.zsohrobec.cz\/nove\/aktualni-informace-ke-stavce-27-11-2023\/\">&hellip;<\/a><\/p>\n","protected":false},"author":2,"featured_media":1591,"comment_status":"closed","ping_status":"closed","sticky":false,"template":"","format":"standard","meta":{"ngg_post_thumbnail":0,"footnotes":""},"categories":[20,21,19],"tags":[],"class_list":["post-1677","post","type-post","status-publish","format-standard","has-post-thumbnail","hentry","category-ms","category-sd","category-zs","odd"],"_links":{"self":[{"href":"https:\/\/www.zsohrobec.cz\/nove\/wp-json\/wp\/v2\/posts\/1677","targetHints":{"allow":["GET"]}}],"collection":[{"href":"https:\/\/www.zsohrobec.cz\/nove\/wp-json\/wp\/v2\/posts"}],"about":[{"href":"https:\/\/www.zsohrobec.cz\/nove\/wp-json\/wp\/v2\/types\/post"}],"author":[{"embeddable":true,"href":"https:\/\/www.zsohrobec.cz\/nove\/wp-json\/wp\/v2\/users\/2"}],"replies":[{"embeddable":true,"href":"https:\/\/www.zsohrobec.cz\/nove\/wp-json\/wp\/v2\/comments?post=1677"}],"version-history":[{"count":1,"href":"https:\/\/www.zsohrobec.cz\/nove\/wp-json\/wp\/v2\/posts\/1677\/revisions"}],"predecessor-version":[{"id":1678,"href":"https:\/\/www.zsohrobec.cz\/nove\/wp-json\/wp\/v2\/posts\/1677\/revisions\/1678"}],"wp:featuredmedia":[{"embeddable":true,"href":"https:\/\/www.zsohrobec.cz\/nove\/wp-json\/wp\/v2\/media\/1591"}],"wp:attachment":[{"href":"https:\/\/www.zsohrobec.cz\/nove\/wp-json\/wp\/v2\/media?parent=1677"}],"wp:term":[{"taxonomy":"category","embeddable":true,"href":"https:\/\/www.zsohrobec.cz\/nove\/wp-json\/wp\/v2\/categories?post=1677"},{"taxonomy":"post_tag","embeddable":true,"href":"https:\/\/www.zsohrobec.cz\/nove\/wp-json\/wp\/v2\/tags?post=1677"}],"curies":[{"name":"wp","href":"https:\/\/api.w.org\/{rel}","templated":true}]}}