{"id":1593,"date":"2023-11-14T17:22:04","date_gmt":"2023-11-14T16:22:04","guid":{"rendered":"https:\/\/www.zsohrobec.cz\/nove\/?p=1593"},"modified":"2023-12-07T13:11:30","modified_gmt":"2023-12-07T12:11:30","slug":"muzeum-karla-zemana-4-6-trida","status":"publish","type":"post","link":"https:\/\/www.zsohrobec.cz\/nove\/muzeum-karla-zemana-4-6-trida\/","title":{"rendered":"Muzeum Karla Zemana &#8211; 4.+6.t\u0159\u00edda"},"content":{"rendered":"\n<p>Ve \u010dtvrtek m\u011bla 4. a 6.t\u0159\u00edda mo\u017enost jet do Muzea Karla Zemana. P\u0159edt\u00edm jsme ve \u0161kole zhl\u00e9dli film Cesta do prav\u011bku a n\u00e1sledn\u011b s\u00a0n\u00edm pracovali. Jedna t\u0159\u00edda si vyzkou\u0161ela techniku Stop motion. \u017d\u00e1ci se tak stali na chv\u00edli mal\u00fdmi re\u017eis\u00e9ry sv\u00fdch vlastn\u00edch animovan\u00fdch minifilm\u016f. D\u00edky tomu si d\u011bti uv\u011bdomily, jak n\u00e1ro\u010dn\u00e1 musela b\u00fdt tvorba celove\u010dern\u00edho filmu Karla Zemana. Star\u0161\u00ed t\u0159\u00edda prozkoumala Zemanovu tvorbu v\u00a0\u0161ir\u0161\u00edm z\u00e1b\u011bru a poznatky uplatnila nap\u0159\u00ed\u010d n\u011bkolika \u0161koln\u00edmi p\u0159edm\u011bty, vznikly nap\u0159. kr\u00e1sn\u00e9 obr\u00e1zky vzducholod\u00ed ve v\u00fdtvarn\u00e9 v\u00fdchov\u011b.<\/p>\n\n\n\n<p>N\u00e1v\u0161t\u011bva muzea se d\u011btem i n\u00e1m, u\u010ditel\u016fm, moc l\u00edbila. Nejv\u00edce \u017e\u00e1ky zaujala mo\u017enost vyzkou\u0161et si kouzlo zelen\u00e9ho pl\u00e1tna a nato\u010dit d\u00edky n\u011bmu sv\u016fj let na d\u011blov\u00e9 kouli. Skv\u011bl\u00e1 byla i navazuj\u00edc\u00ed p\u0159edn\u00e1\u0161ka s&nbsp;paleontologem, panem \u0160t\u011bp\u00e1nem Rakem. D\u00edky n\u00ed si d\u011bti mohly uv\u011bdomit, jak vypadala vybran\u00e1 prav\u011bk\u00e1 stvo\u0159en\u00ed ve skute\u010dnosti, n\u011bkter\u00e9 z&nbsp;n\u00e1lez\u016f nebo jejich odlitk\u016f si mohly dokonce prohl\u00e9dnout a osahat. Velice je zaujal t\u0159eba zub megalodona ve srovn\u00e1n\u00ed se \u017eralo\u010d\u00ed \u010delist\u00ed z&nbsp;dne\u0161n\u00ed doby.<\/p>\n\n\n\n<p>A na z\u00e1v\u011br i hodnocen\u00ed dvou \u0161ikovn\u00fdch \u017e\u00e1ky\u0148 \u0161est\u00e9 t\u0159\u00eddy. :))<\/p>\n\n\n\n<p><em>Dnes jsme byli v Muzeu Karla Zemana a na p\u0159edn\u00e1\u0161ce o paleontologii. V muzeu n\u00e1m dali pap\u00edr s tu\u017ekou a mohli jsme hledat poklad. Tak\u00e9 jsme si mohli prohl\u00e9dnout, jak nat\u00e1\u010del filmy a jak\u00e9 na to m\u011bl vyn\u00e1lezy. Na p\u0159edn\u00e1\u0161ce o paleontologii n\u00e1m p\u00e1n uk\u00e1zal spoustu v\u011bc\u00ed nap\u0159\u00edklad: zub megalodona nebo trn ze stegosaura. A tak\u00e9 n\u00e1m \u0159ekl zaj\u00edmav\u00e9 v\u011bci: t\u0159eba jako \u017ee velociraptor je velk\u00fd jako v\u011bt\u0161\u00ed ku\u0159e, a \u017ee kdybychom po n\u011bm hodili p\u00e1r \u0161i\u0161ek nebo p\u00e1r klac\u00edk\u016f, tak bychom ho mo\u017en\u00e1 ubili. Bylo to super <\/em><em>\ud83d\ude0a<\/em><em>&nbsp;&nbsp;(Zlatka Vitou\u0161ov\u00e1, 6.t\u0159\u00edda)<\/em><\/p>\n\n\n\n<p><em>Muzeum se mi moc l\u00edbilo, proto\u017ee bylo zam\u011b\u0159eno na n\u011bkolik nejzn\u00e1m\u011bj\u0161\u00edch film\u016f Karla Zemana, kter\u00fdmi jsou: Cesta do prav\u011bku, Ukraden\u00e1 vzducholo\u010f a Baron Pr\u00e1\u0161il.<br>&nbsp;&nbsp;&nbsp; Muzeum bylo velmi interaktivn\u00ed, l\u00edbilo se mi n\u011bkolik milion\u016f let star\u00e9 dinosau\u0159\u00ed vaj\u00ed\u010dko. Ocenila jsem mo\u017enost vid\u011bt hodn\u011b \u00faryvk\u016f z&nbsp;r\u016fzn\u00fdch film\u016f Karla Zemana.<br>&nbsp;&nbsp;&nbsp; Zaj\u00edmalo m\u011b i n\u011bco o jeho osobn\u00edm \u017eivot\u011b. Tyto informace jsem bohu\u017eel v&nbsp;muzeu nena\u0161la.<br>&nbsp;&nbsp; Ur\u010dit\u011b bych doporu\u010dila n\u00e1v\u0161t\u011bvu muzea d\u011btem, kter\u00e9 takov\u00e9 filmy bav\u00ed, a pam\u011btn\u00edk\u016fm. (Krist\u00fdna Jel\u00ednkov\u00e1, 6.t\u0159\u00edda)<\/em><\/p>\n\n\n\n<p><\/p>\n\n\n\n<p><\/p>\n","protected":false},"excerpt":{"rendered":"<p>Ve \u010dtvrtek m\u011bla 4. a 6.t\u0159\u00edda mo\u017enost jet do Muzea Karla Zemana. P\u0159edt\u00edm jsme ve \u0161kole zhl\u00e9dli film Cesta do&nbsp;<a href=\"https:\/\/www.zsohrobec.cz\/nove\/muzeum-karla-zemana-4-6-trida\/\">&hellip;<\/a><\/p>\n","protected":false},"author":1,"featured_media":1594,"comment_status":"closed","ping_status":"closed","sticky":false,"template":"","format":"standard","meta":{"ngg_post_thumbnail":0,"footnotes":""},"categories":[19],"tags":[],"class_list":["post-1593","post","type-post","status-publish","format-standard","has-post-thumbnail","hentry","category-zs","odd"],"_links":{"self":[{"href":"https:\/\/www.zsohrobec.cz\/nove\/wp-json\/wp\/v2\/posts\/1593","targetHints":{"allow":["GET"]}}],"collection":[{"href":"https:\/\/www.zsohrobec.cz\/nove\/wp-json\/wp\/v2\/posts"}],"about":[{"href":"https:\/\/www.zsohrobec.cz\/nove\/wp-json\/wp\/v2\/types\/post"}],"author":[{"embeddable":true,"href":"https:\/\/www.zsohrobec.cz\/nove\/wp-json\/wp\/v2\/users\/1"}],"replies":[{"embeddable":true,"href":"https:\/\/www.zsohrobec.cz\/nove\/wp-json\/wp\/v2\/comments?post=1593"}],"version-history":[{"count":3,"href":"https:\/\/www.zsohrobec.cz\/nove\/wp-json\/wp\/v2\/posts\/1593\/revisions"}],"predecessor-version":[{"id":1872,"href":"https:\/\/www.zsohrobec.cz\/nove\/wp-json\/wp\/v2\/posts\/1593\/revisions\/1872"}],"wp:featuredmedia":[{"embeddable":true,"href":"https:\/\/www.zsohrobec.cz\/nove\/wp-json\/wp\/v2\/media\/1594"}],"wp:attachment":[{"href":"https:\/\/www.zsohrobec.cz\/nove\/wp-json\/wp\/v2\/media?parent=1593"}],"wp:term":[{"taxonomy":"category","embeddable":true,"href":"https:\/\/www.zsohrobec.cz\/nove\/wp-json\/wp\/v2\/categories?post=1593"},{"taxonomy":"post_tag","embeddable":true,"href":"https:\/\/www.zsohrobec.cz\/nove\/wp-json\/wp\/v2\/tags?post=1593"}],"curies":[{"name":"wp","href":"https:\/\/api.w.org\/{rel}","templated":true}]}}