{"id":1583,"date":"2023-11-09T17:51:15","date_gmt":"2023-11-09T16:51:15","guid":{"rendered":"https:\/\/www.zsohrobec.cz\/nove\/?p=1583"},"modified":"2023-11-09T18:00:55","modified_gmt":"2023-11-09T17:00:55","slug":"vyjadreni-ke-stavce-27-11-2023","status":"publish","type":"post","link":"https:\/\/www.zsohrobec.cz\/nove\/vyjadreni-ke-stavce-27-11-2023\/","title":{"rendered":"Vyj\u00e1d\u0159en\u00ed ke st\u00e1vce 27. 11. 2023"},"content":{"rendered":"\n<p>V\u00e1\u017een\u00ed rodi\u010de, <\/p>\n\n\n\n<p>&nbsp;&nbsp; vzhledem k&nbsp;tomu, \u017ee se n\u00e1m ji\u017e za\u010d\u00ednaj\u00ed plnit m\u00e9dia informacemi o nadch\u00e1zej\u00edc\u00ed st\u00e1vce ve \u0161kol\u00e1ch, kterou vyhla\u0161uj\u00ed odbory na 27. 11. 2023, nut\u00ed m\u011b tato situace d\u00e1t V\u00e1m ji\u017e nyn\u00ed najevo m\u00e9 stanovisko. Osobn\u011b jsem velk\u00fdm odp\u016frcem st\u00e1vek jako takov\u00fdch. Z\u00e1rove\u0148 na m\u011b ale t\u00ed\u017eiv\u011b dopadaj\u00ed zm\u011bny, kter\u00e9 se pro \u010desk\u00e9 \u0161kolstv\u00ed chystaj\u00ed a jejich dopad na budouc\u00ed kvalitu vzd\u011bl\u00e1v\u00e1n\u00ed a provoz \u0161kol.<\/p>\n\n\n\n<p>R\u00e1d bych V\u00e1s tedy s&nbsp;p\u0159edstihem informoval o tom, jak bude na\u0161e \u0161kola ke st\u00e1vce p\u0159istupovat. Vzhledem k&nbsp;tomu, \u017ee pr\u00e1vo na st\u00e1vku m\u00e1 ka\u017ed\u00e1 skupina zam\u011bstnanc\u016f, nech\u00e1v\u00e1m na kolez\u00edch, zda se do st\u00e1vky zapoj\u00ed, \u010di nikoliv. Jeliko\u017e si nechci br\u00e1t Va\u0161e d\u011bti jako \u201erukojm\u00ed\u201c, preferuji variantu protestn\u00ed akce, kter\u00e1 neomez\u00ed v\u00fduku jako celek a nezat\u00ed\u017e\u00ed tak v\u00e1s &#8211; rodi\u010de.<\/p>\n\n\n\n<p>Zaru\u010duji V\u00e1m, \u017ee tento den, tedy 27. 11. 2023 bude provoz \u0161koly, \u0161kolky a \u0161koln\u00ed dru\u017einy bez omezen\u00ed a d\u011bti a \u017e\u00e1ci mohou b\u011b\u017en\u011b p\u0159ij\u00edt. Jako pravd\u011bpodobn\u00e9 se zat\u00edm jev\u00ed, \u017ee uskute\u010dn\u00edme projektov\u00fd den na ob\u010dansk\u00e1 t\u00e9mata, abychom st\u00e1vce vyj\u00e1d\u0159ili podporu. O detailech budete informov\u00e1ni.<\/p>\n\n\n\n<p><strong>D\u016fle\u017eit\u00e1 zpr\u00e1va ale je, \u017ee \u0161kola a \u0161kolka bude 27. 11. 2023 pln\u011b v provozu.<\/strong><\/p>\n\n\n\n<p>Pokud by V\u00e1s zaj\u00edmalo v\u00edce, jak\u00e9 zm\u011bny se chystaj\u00ed, U\u010ditelsk\u00e1 platforma vydala otev\u0159en\u00fd dopis s petic\u00ed, pod kter\u00fd jsem sv\u016fj podpis p\u0159ipojil. Pokud shled\u00e1te, \u017ee je text i v souladu s va\u0161\u00edm n\u00e1zorem, p\u0159ipojte se tak\u00e9.<\/p>\n\n\n\n<p class=\"has-black-color has-text-color has-link-color wp-elements-b69eb1b08637fde43ae2f9e6bff1c5f8\">Zn\u011bn\u00ed:<\/p>\n\n\n\n<p class=\"has-vivid-cyan-blue-color has-text-color has-link-color wp-elements-e7825b9fc63b8e40b1e6353a486760b2\"><a href=\"https:\/\/www.petice.com\/oteveny_dopis_zastupc_kol_proti_drastickym_krtm_ve_kolstvi?fbclid=IwAR0fN_APWZlw9zuhQCduIYF49REb15Eh5bwBWXNiL9wfX122Z-E9SGmegrc\" target=\"_blank\" rel=\"noreferrer noopener\">https:\/\/www.petice.com\/oteveny_dopis_zastupc_kol_proti_drastickym_krtm_ve_kolstvi?fbclid=IwAR0fN_APWZlw9zuhQCduIYF49REb15Eh5bwBWXNiL9wfX122Z-E9SGmegrc<\/a><\/p>\n\n\n\n<p class=\"has-black-color has-text-color has-link-color wp-elements-a8c966df2594a5bc2b05e6551a3e86ba\">C\u00edle a d\u016fvody vyhl\u00e1\u0161en\u00ed odbor\u00e1\u0159sk\u00e9 st\u00e1vky zde:<\/p>\n\n\n\n<p class=\"has-vivid-cyan-blue-color has-text-color has-link-color wp-elements-9fe9f48d6031c2ba5f188500db1af1a6\"><a href=\"https:\/\/skolskeodbory.cz\/vyzva-k-zakladani-stavkovych-vyboru-0?fbclid=IwAR3tcXLl6-zNDH0iWxhQ9kdAp8VXaz3gEFWop7F4A_pgK-IgUH980K5Je-c\" target=\"_blank\" rel=\"noreferrer noopener\">https:\/\/skolskeodbory.cz\/vyzva-k-zakladani-stavkovych-vyboru-0?fbclid=IwAR3tcXLl6-zNDH0iWxhQ9kdAp8VXaz3gEFWop7F4A_pgK-IgUH980K5Je-c<\/a><\/p>\n\n\n\n<p class=\"has-black-color has-text-color has-link-color wp-elements-36fe39762e09c12f82c889c68a08fce8\">D\u011bkuji za pochopen\u00ed a p\u0159eji klidn\u00e9 dny<\/p>\n\n\n\n<p>Mgr. Petr Pavelka<\/p>\n","protected":false},"excerpt":{"rendered":"<p>V\u00e1\u017een\u00ed rodi\u010de, &nbsp;&nbsp; vzhledem k&nbsp;tomu, \u017ee se n\u00e1m ji\u017e za\u010d\u00ednaj\u00ed plnit m\u00e9dia informacemi o nadch\u00e1zej\u00edc\u00ed st\u00e1vce ve \u0161kol\u00e1ch, kterou vyhla\u0161uj\u00ed&nbsp;<a href=\"https:\/\/www.zsohrobec.cz\/nove\/vyjadreni-ke-stavce-27-11-2023\/\">&hellip;<\/a><\/p>\n","protected":false},"author":2,"featured_media":1591,"comment_status":"closed","ping_status":"closed","sticky":false,"template":"","format":"standard","meta":{"ngg_post_thumbnail":0,"footnotes":""},"categories":[20,1,21,19],"tags":[],"class_list":["post-1583","post","type-post","status-publish","format-standard","has-post-thumbnail","hentry","category-ms","category-nezarazene","category-sd","category-zs","odd"],"_links":{"self":[{"href":"https:\/\/www.zsohrobec.cz\/nove\/wp-json\/wp\/v2\/posts\/1583","targetHints":{"allow":["GET"]}}],"collection":[{"href":"https:\/\/www.zsohrobec.cz\/nove\/wp-json\/wp\/v2\/posts"}],"about":[{"href":"https:\/\/www.zsohrobec.cz\/nove\/wp-json\/wp\/v2\/types\/post"}],"author":[{"embeddable":true,"href":"https:\/\/www.zsohrobec.cz\/nove\/wp-json\/wp\/v2\/users\/2"}],"replies":[{"embeddable":true,"href":"https:\/\/www.zsohrobec.cz\/nove\/wp-json\/wp\/v2\/comments?post=1583"}],"version-history":[{"count":2,"href":"https:\/\/www.zsohrobec.cz\/nove\/wp-json\/wp\/v2\/posts\/1583\/revisions"}],"predecessor-version":[{"id":1589,"href":"https:\/\/www.zsohrobec.cz\/nove\/wp-json\/wp\/v2\/posts\/1583\/revisions\/1589"}],"wp:featuredmedia":[{"embeddable":true,"href":"https:\/\/www.zsohrobec.cz\/nove\/wp-json\/wp\/v2\/media\/1591"}],"wp:attachment":[{"href":"https:\/\/www.zsohrobec.cz\/nove\/wp-json\/wp\/v2\/media?parent=1583"}],"wp:term":[{"taxonomy":"category","embeddable":true,"href":"https:\/\/www.zsohrobec.cz\/nove\/wp-json\/wp\/v2\/categories?post=1583"},{"taxonomy":"post_tag","embeddable":true,"href":"https:\/\/www.zsohrobec.cz\/nove\/wp-json\/wp\/v2\/tags?post=1583"}],"curies":[{"name":"wp","href":"https:\/\/api.w.org\/{rel}","templated":true}]}}