{"id":1387,"date":"2023-10-19T16:26:06","date_gmt":"2023-10-19T14:26:06","guid":{"rendered":"https:\/\/www.zsohrobec.cz\/nove\/?p=1387"},"modified":"2023-10-19T16:32:23","modified_gmt":"2023-10-19T14:32:23","slug":"samhain-svatek-svetla","status":"publish","type":"post","link":"https:\/\/www.zsohrobec.cz\/nove\/samhain-svatek-svetla\/","title":{"rendered":"Samhain &#8211; sv\u00e1tek sv\u011btla"},"content":{"rendered":"\n<p><strong>V\u00e1\u017een\u00ed rodi\u010de, mil\u00e9 d\u011bti \u2026<\/strong><\/p>\n\n\n\n<p><strong>op\u011bt po roce v\u00e1s srde\u010dn\u011b zveme na spole\u010dn\u00e9 vydlab\u00e1v\u00e1n\u00ed d\u00fdn\u00ed a oslavu keltsk\u00e9ho sv\u00e1tku sv\u011btla Samhain.<\/strong> <strong> <\/strong><\/p>\n\n\n\n<p>V\u0161ichni v\u00edme, \u017ee na\u0161e (ohrobeck\u00e9) okol\u00ed je op\u0159edeno keltskou histori\u00ed. Tento \u010das n\u00e1m p\u0159in\u00e1\u0161\u00ed hodn\u011b sv\u00e1tk\u016f a to nap\u0159. Halloween, \u010di sv\u00e1tky k\u0159es\u0165ansk\u00e9 jako sv\u00e1tek V\u0161ech svat\u00fdch \u010di Du\u0161i\u010dky.<\/p>\n\n\n\n<p>Ka\u017ed\u00fd sv\u00e1tek se oslavuje r\u016fzn\u011b, ale v\u0161echny maj\u00ed n\u011bco spole\u010dn\u00e9ho \u2013 jsou trochu stra\u0161ideln\u00e9 a proz\u00e1\u0159en\u00e9 sv\u011btlem ohn\u011b a sv\u00ed\u010dek.<\/p>\n\n\n\n<p>Proto u \u0161koly rozd\u011bl\u00e1me ohe\u0148, ope\u010deme bu\u0159ty, vydlabeme d\u00fdn\u011b, uva\u0159\u00edme d\u00fd\u0148ovou pol\u00e9vku a zap\u00e1l\u00edme sv\u00ed\u010dky.&nbsp;<\/p>\n\n\n\n<p><strong>V\u0161e se bude konat ve st\u0159edu 1. 11. 2023 od 17.30 h do cca 20.30 h p\u0159ed budovou z\u00e1kladn\u00ed \u0161koly!<\/strong><\/p>\n\n\n\n<p>Akce je po\u0159\u00e1dan\u00e1 pro d\u011bti a jejich rodi\u010de a jej\u00edm c\u00edlem je p\u0159\u00edjemn\u011b str\u00e1vit chvilky p\u0159i setk\u00e1n\u00ed s ostatn\u00edmi, popov\u00edd\u00e1n\u00ed si, pozn\u00e1n\u00ed se \u2026&nbsp;<\/p>\n\n\n\n<p>D\u011bti (a vy tak\u00e9) si mohou vz\u00edt stra\u0161ideln\u00fd kost\u00fdm a nezapome\u0148te, \u017ee hned ve\u010der vyhl\u00e1s\u00edme t\u0159i nejkr\u00e1sn\u011bj\u0161\u00ed d\u00fdn\u011b. Odm\u011bn\u011bny v\u0161ak budou v\u0161echny v\u00fdtvory.<\/p>\n\n\n\n<p>Tento rok se m\u016f\u017eete t\u011b\u0161it na tane\u010dn\u00ed skupinu Dalila, kter\u00e1 n\u00e1m zatan\u010d\u00ed<strong>&nbsp;Tanec d\u00e9mon\u016f.<\/strong><\/p>\n\n\n<div class=\"wp-block-image\">\n<figure class=\"alignleft size-full is-resized\"><img loading=\"lazy\" decoding=\"async\" width=\"411\" height=\"308\" src=\"https:\/\/www.zsohrobec.cz\/nove\/wp-content\/uploads\/2023\/10\/image.png\" alt=\"\" class=\"wp-image-1397\" style=\"aspect-ratio:1.3344155844155845;width:272px;height:auto\" srcset=\"https:\/\/www.zsohrobec.cz\/nove\/wp-content\/uploads\/2023\/10\/image.png 411w, https:\/\/www.zsohrobec.cz\/nove\/wp-content\/uploads\/2023\/10\/image-300x225.png 300w, https:\/\/www.zsohrobec.cz\/nove\/wp-content\/uploads\/2023\/10\/image-150x112.png 150w\" sizes=\"auto, (max-width: 411px) 100vw, 411px\" \/><\/figure>\n<\/div>\n\n\n<p><strong><u>Co vz\u00edt s sebou:<\/u><\/strong><\/p>\n\n\n\n<p><strong>D\u00fdn\u011b, kel\u00edmky na n\u00e1poje, bu\u0159t(y), ty\u010d na op\u00e9k\u00e1n\u00ed bu\u0159t\u016f, n\u016f\u017e, l\u017e\u00edci, sv\u00ed\u010dku, \u010delovku a n\u011bco&nbsp;dobr\u00e9ho k j\u00eddlu a pit\u00ed pro sebe i ostatn\u00ed&nbsp;+ n\u00e1\u010din\u00ed na dlab\u00e1n\u00ed d\u00fdn\u00ed<\/strong> (budete pom\u00e1hat dlabat sv\u00fdm d\u011btem).&nbsp;\ud83d\ude0a<\/p>\n\n\n\n<p>D\u00fdn\u011b po vydlab\u00e1n\u00ed spole\u010dn\u011b zap\u00e1l\u00edme, pokoch\u00e1me se jejich kr\u00e1sou a vyhodnot\u00edme t\u0159\u00ed nejkr\u00e1sn\u011bj\u0161\u00ed. N\u00e1sledn\u011b d\u00fdn\u011b prop\u016fj\u010d\u00edme na Ohrobeck\u00fd Lampionov\u00fd pr\u016fvod, kter\u00fd se bude konat v&nbsp;sobotu 4.11. 2023.<\/p>\n\n\n\n<p>Dovolte n\u00e1m je\u0161t\u011b pod\u011bkovat Spolku rodi\u010d\u016f Z\u0160 Ohrobec a MAS Dolnob\u0159e\u017eansko, o.p.s. za finan\u010dn\u00ed podporu. D\u00edky n\u00ed m\u016f\u017eeme celou akci zajistit &#8211; tepl\u00fd \u010daj, pol\u00e9vku a ceny za nejkr\u00e1sn\u011bj\u0161\u00ed d\u00fdn\u011b.&nbsp;<\/p>\n\n\n\n<p>Moc d\u011bkujeme za spolupr\u00e1ci a t\u011b\u0161\u00edme se, \u017ee p\u0159ijdete str\u00e1vit spole\u010dn\u011b s&nbsp;n\u00e1mi a d\u011btmi p\u0159\u00edjemn\u00fd st\u0159ede\u010dn\u00ed ve\u010der.<\/p>\n\n\n\n<p>Hezk\u00fd zbytek dne<\/p>\n\n\n\n<p>\u0160koln\u00ed dru\u017eina a veden\u00ed \u0161koly<\/p>\n\n\n\n<figure class=\"wp-block-image size-large\"><img loading=\"lazy\" decoding=\"async\" width=\"724\" height=\"1024\" src=\"https:\/\/www.zsohrobec.cz\/nove\/wp-content\/uploads\/2023\/10\/Samhain-svatek-svetla-724x1024.jpg\" alt=\"\" class=\"wp-image-1388\" srcset=\"https:\/\/www.zsohrobec.cz\/nove\/wp-content\/uploads\/2023\/10\/Samhain-svatek-svetla-724x1024.jpg 724w, https:\/\/www.zsohrobec.cz\/nove\/wp-content\/uploads\/2023\/10\/Samhain-svatek-svetla-212x300.jpg 212w, https:\/\/www.zsohrobec.cz\/nove\/wp-content\/uploads\/2023\/10\/Samhain-svatek-svetla-768x1086.jpg 768w, https:\/\/www.zsohrobec.cz\/nove\/wp-content\/uploads\/2023\/10\/Samhain-svatek-svetla-1086x1536.jpg 1086w, https:\/\/www.zsohrobec.cz\/nove\/wp-content\/uploads\/2023\/10\/Samhain-svatek-svetla-106x150.jpg 106w, https:\/\/www.zsohrobec.cz\/nove\/wp-content\/uploads\/2023\/10\/Samhain-svatek-svetla.jpg 1414w\" sizes=\"auto, (max-width: 724px) 100vw, 724px\" \/><\/figure>\n","protected":false},"excerpt":{"rendered":"<p>V\u00e1\u017een\u00ed rodi\u010de, mil\u00e9 d\u011bti \u2026 op\u011bt po roce v\u00e1s srde\u010dn\u011b zveme na spole\u010dn\u00e9 vydlab\u00e1v\u00e1n\u00ed d\u00fdn\u00ed a oslavu keltsk\u00e9ho sv\u00e1tku sv\u011btla&nbsp;<a href=\"https:\/\/www.zsohrobec.cz\/nove\/samhain-svatek-svetla\/\">&hellip;<\/a><\/p>\n","protected":false},"author":2,"featured_media":1398,"comment_status":"closed","ping_status":"closed","sticky":false,"template":"","format":"standard","meta":{"ngg_post_thumbnail":0,"footnotes":""},"categories":[20,1,21],"tags":[],"class_list":["post-1387","post","type-post","status-publish","format-standard","has-post-thumbnail","hentry","category-ms","category-nezarazene","category-sd","odd"],"_links":{"self":[{"href":"https:\/\/www.zsohrobec.cz\/nove\/wp-json\/wp\/v2\/posts\/1387","targetHints":{"allow":["GET"]}}],"collection":[{"href":"https:\/\/www.zsohrobec.cz\/nove\/wp-json\/wp\/v2\/posts"}],"about":[{"href":"https:\/\/www.zsohrobec.cz\/nove\/wp-json\/wp\/v2\/types\/post"}],"author":[{"embeddable":true,"href":"https:\/\/www.zsohrobec.cz\/nove\/wp-json\/wp\/v2\/users\/2"}],"replies":[{"embeddable":true,"href":"https:\/\/www.zsohrobec.cz\/nove\/wp-json\/wp\/v2\/comments?post=1387"}],"version-history":[{"count":3,"href":"https:\/\/www.zsohrobec.cz\/nove\/wp-json\/wp\/v2\/posts\/1387\/revisions"}],"predecessor-version":[{"id":1400,"href":"https:\/\/www.zsohrobec.cz\/nove\/wp-json\/wp\/v2\/posts\/1387\/revisions\/1400"}],"wp:featuredmedia":[{"embeddable":true,"href":"https:\/\/www.zsohrobec.cz\/nove\/wp-json\/wp\/v2\/media\/1398"}],"wp:attachment":[{"href":"https:\/\/www.zsohrobec.cz\/nove\/wp-json\/wp\/v2\/media?parent=1387"}],"wp:term":[{"taxonomy":"category","embeddable":true,"href":"https:\/\/www.zsohrobec.cz\/nove\/wp-json\/wp\/v2\/categories?post=1387"},{"taxonomy":"post_tag","embeddable":true,"href":"https:\/\/www.zsohrobec.cz\/nove\/wp-json\/wp\/v2\/tags?post=1387"}],"curies":[{"name":"wp","href":"https:\/\/api.w.org\/{rel}","templated":true}]}}